{"id":25387,"date":"2011-02-28T16:49:07","date_gmt":"2011-02-28T16:49:07","guid":{"rendered":"https:\/\/obscom.intervozes.org.br\/wordpress\/?p=25387"},"modified":"2011-02-28T16:49:07","modified_gmt":"2011-02-28T16:49:07","slug":"projeto-de-lei-que-preve-unificacao-de-regras-para-tv-paga-volta-ser-discutido-no-senado","status":"publish","type":"post","link":"https:\/\/obscom.intervozes.org.br\/?p=25387","title":{"rendered":"Projeto de lei que prev\u00ea unifica\u00e7\u00e3o de regras para TV paga volta ser discutido no Senado"},"content":{"rendered":"<p><span class=\"padrao\">A pol&ecirc;mica vota&ccedil;&atilde;o do projeto de lei (PL) que unifica a legisla&ccedil;&atilde;o para as TVs pagas no pa&iacute;s pode estar pr&oacute;xima de um desfecho. Segundo a coluna &quot;Outro Canal&quot;, da Folha de S. Paulo, agora que o Senado aprovou o novo sal&aacute;rio m&iacute;nimo de R$545, a vota&ccedil;&atilde;o do PL116 (anitga PL29) volta a ser prioridade na mesa de discuss&atilde;o.<\/p>\n<p>O PL vinha sendo discutido e contestado por muitas das partes envolvidas, que n&atilde;o haviam chegado a um consenso para vot&aacute;-lo. Algumas das propostas feitas como derrubar o limite de capital estrangeiro, introduzir uma cota de produ&ccedil;&atilde;o regional e nacional e passar para a Ag&ecirc;ncia Nacional de Cinema (Ancine) papel de fiscalizador foram alguns dos impasses enfrentados durante as discuss&otilde;es.<\/p>\n<p>Defenderam o adiamento da aprecia&ccedil;&atilde;o do PL 116 os representantes da Associa&ccedil;&atilde;o Brasileira de Radiodifusores (Abra), da Sky e dos Programadores Estrangeiros de Televis&atilde;o por Assinatura. Para eles, dar novas compet&ecirc;ncias &agrave; Ancine e implantar cotas de produ&ccedil;&atilde;o nacional e regional s&atilde;o a&ccedil;&otilde;es inconstitucionais,e que a implanta&ccedil;&atilde;o destas medidas elevariam custos operacionais, informa o site da Abert segundo o jornal O Globo.<\/p>\n<p>O presidente Ag&ecirc;ncia Nacional de Telecomunica&ccedil;&otilde;es (Anatel), Ronaldo Sardenberg, argumentou que o projeto contribui para organizar o setor de TV por assinatura. Segundo ele, os novos operadores de TV a cabo poder&atilde;o prestar outros servi&ccedil;os, como a banda larga, o que aumenta a competi&ccedil;&atilde;o e reduz os pre&ccedil;os.<\/p>\n<p>O diretor-geral da Associa&ccedil;&atilde;o Brasileira das Emissoras de R&aacute;dio e TV (Abert), Luiz Antonik, disse que n&atilde;o existe uma posi&ccedil;&atilde;o &uacute;nica na entidade em rela&ccedil;&atilde;o ao projeto.<\/p>\n<p>&quot;As Organiza&ccedil;&otilde;es Globo s&atilde;o favor&aacute;veis &agrave; aprova&ccedil;&atilde;o com ajustes de reda&ccedil;&atilde;o, o SBT &eacute; contr&aacute;rio, e a Record &eacute; a favor.&quot;<\/p>\n<p>O projeto passa a ser pauta no Senado ainda esta semana e com maior possibilidade de ser aprovada, pois a relatoria em uma das comiss&otilde;es em que &eacute; discutido n&atilde;o &eacute; mais da oposi&ccedil;&atilde;o (exercida por Dem&oacute;stenes Torres-DEM).O novo presidente da Comiss&atilde;o Constitucional e Justi&ccedil;a &eacute; Eun&iacute;cio Oliveira.<\/span><\/p>\n","protected":false},"excerpt":{"rendered":"<p>A pol&ecirc;mica vota&ccedil;&atilde;o do projeto de lei (PL) que unifica a legisla&ccedil;&atilde;o para as TVs pagas no pa&iacute;s pode estar pr&oacute;xima de um desfecho. Segundo a coluna &quot;Outro Canal&quot;, da Folha de S. Paulo, agora que o Senado aprovou o novo sal&aacute;rio m&iacute;nimo de R$545, a vota&ccedil;&atilde;o do PL116 (anitga PL29) volta a ser prioridade &hellip; <a href=\"https:\/\/obscom.intervozes.org.br\/?p=25387\" class=\"more-link\">Continue lendo <span class=\"screen-reader-text\">Projeto de lei que prev\u00ea unifica\u00e7\u00e3o de regras para TV paga volta ser discutido no Senado<\/span> <span class=\"meta-nav\">&rarr;<\/span><\/a><\/p>\n","protected":false},"author":1,"featured_media":0,"comment_status":"open","ping_status":"open","sticky":false,"template":"","format":"standard","meta":{"footnotes":""},"categories":[40],"tags":[1133],"_links":{"self":[{"href":"https:\/\/obscom.intervozes.org.br\/index.php?rest_route=\/wp\/v2\/posts\/25387"}],"collection":[{"href":"https:\/\/obscom.intervozes.org.br\/index.php?rest_route=\/wp\/v2\/posts"}],"about":[{"href":"https:\/\/obscom.intervozes.org.br\/index.php?rest_route=\/wp\/v2\/types\/post"}],"author":[{"embeddable":true,"href":"https:\/\/obscom.intervozes.org.br\/index.php?rest_route=\/wp\/v2\/users\/1"}],"replies":[{"embeddable":true,"href":"https:\/\/obscom.intervozes.org.br\/index.php?rest_route=%2Fwp%2Fv2%2Fcomments&post=25387"}],"version-history":[{"count":0,"href":"https:\/\/obscom.intervozes.org.br\/index.php?rest_route=\/wp\/v2\/posts\/25387\/revisions"}],"wp:attachment":[{"href":"https:\/\/obscom.intervozes.org.br\/index.php?rest_route=%2Fwp%2Fv2%2Fmedia&parent=25387"}],"wp:term":[{"taxonomy":"category","embeddable":true,"href":"https:\/\/obscom.intervozes.org.br\/index.php?rest_route=%2Fwp%2Fv2%2Fcategories&post=25387"},{"taxonomy":"post_tag","embeddable":true,"href":"https:\/\/obscom.intervozes.org.br\/index.php?rest_route=%2Fwp%2Fv2%2Ftags&post=25387"}],"curies":[{"name":"wp","href":"https:\/\/api.w.org\/{rel}","templated":true}]}}