{"id":25384,"date":"2011-02-25T14:20:30","date_gmt":"2011-02-25T14:20:30","guid":{"rendered":"https:\/\/obscom.intervozes.org.br\/wordpress\/?p=25384"},"modified":"2011-02-25T14:20:30","modified_gmt":"2011-02-25T14:20:30","slug":"jornalista-do-para-e-proibido-pela-justica-de-publicar-reportagem","status":"publish","type":"post","link":"https:\/\/obscom.intervozes.org.br\/?p=25384","title":{"rendered":"Jornalista do Par\u00e1 \u00e9 proibido pela Justi\u00e7a de publicar reportagem"},"content":{"rendered":"<p><strong>Reda&ccedil;&atilde;o &#8211; Folha de S.Paulo <\/strong><\/p>\n<p><span class=\"padrao\">O jornalista paraense L&uacute;cio Fl&aacute;vio Pinto recebeu uma intima&ccedil;&atilde;o da Justi&ccedil;a Federal do Estado declarando que ele poder&aacute; ser preso em flagrante caso publique em seu jornal informa&ccedil;&otilde;es sobre um processo sigiloso.<\/span><\/p>\n<p><span class=\"padrao\">O documento recebido anteontem diz que, por &quot;qualquer not&iacute;cia publicada a esse respeito&quot;, o jornalista ficar&aacute; sujeito a responsabilidade criminal e multa de R$ 200 mil. A intima&ccedil;&atilde;o &eacute; assinada pelo juiz Ant&ocirc;nio Carlos Almeida Campelo, da 4&ordf; Vara Federal.<\/span><\/p>\n<p><span class=\"padrao\">A Justi&ccedil;a Federal confirmou o envio do documento, mas disse que n&atilde;o poderia confirmar seu conte&uacute;do. Tamb&eacute;m afirmou que o juiz n&atilde;o daria entrevista e n&atilde;o informou quem pediu a proibi&ccedil;&atilde;o da publica&ccedil;&atilde;o &agrave; Justi&ccedil;a.<\/span><\/p>\n<p><span class=\"padrao\">O jornalista afirmou que desconhece o autor da a&ccedil;&atilde;o, mas diz que pode ter sido o pr&oacute;prio juiz. Numa edi&ccedil;&atilde;o do &quot;Jornal Pessoal&quot;, Pinto relatou a audi&ecirc;ncia de um processo referente a suposta fraude para receber recursos p&uacute;blicos da Sudam (Superintend&ecirc;ncia do Desenvolvimento da Amaz&ocirc;nia).<\/span><\/p>\n","protected":false},"excerpt":{"rendered":"<p>Reda&ccedil;&atilde;o &#8211; Folha de S.Paulo O jornalista paraense L&uacute;cio Fl&aacute;vio Pinto recebeu uma intima&ccedil;&atilde;o da Justi&ccedil;a Federal do Estado declarando que ele poder&aacute; ser preso em flagrante caso publique em seu jornal informa&ccedil;&otilde;es sobre um processo sigiloso. O documento recebido anteontem diz que, por &quot;qualquer not&iacute;cia publicada a esse respeito&quot;, o jornalista ficar&aacute; sujeito a &hellip; <a href=\"https:\/\/obscom.intervozes.org.br\/?p=25384\" class=\"more-link\">Continue lendo <span class=\"screen-reader-text\">Jornalista do Par\u00e1 \u00e9 proibido pela Justi\u00e7a de publicar reportagem<\/span> <span class=\"meta-nav\">&rarr;<\/span><\/a><\/p>\n","protected":false},"author":1,"featured_media":0,"comment_status":"open","ping_status":"open","sticky":false,"template":"","format":"standard","meta":{"footnotes":""},"categories":[39],"tags":[],"_links":{"self":[{"href":"https:\/\/obscom.intervozes.org.br\/index.php?rest_route=\/wp\/v2\/posts\/25384"}],"collection":[{"href":"https:\/\/obscom.intervozes.org.br\/index.php?rest_route=\/wp\/v2\/posts"}],"about":[{"href":"https:\/\/obscom.intervozes.org.br\/index.php?rest_route=\/wp\/v2\/types\/post"}],"author":[{"embeddable":true,"href":"https:\/\/obscom.intervozes.org.br\/index.php?rest_route=\/wp\/v2\/users\/1"}],"replies":[{"embeddable":true,"href":"https:\/\/obscom.intervozes.org.br\/index.php?rest_route=%2Fwp%2Fv2%2Fcomments&post=25384"}],"version-history":[{"count":0,"href":"https:\/\/obscom.intervozes.org.br\/index.php?rest_route=\/wp\/v2\/posts\/25384\/revisions"}],"wp:attachment":[{"href":"https:\/\/obscom.intervozes.org.br\/index.php?rest_route=%2Fwp%2Fv2%2Fmedia&parent=25384"}],"wp:term":[{"taxonomy":"category","embeddable":true,"href":"https:\/\/obscom.intervozes.org.br\/index.php?rest_route=%2Fwp%2Fv2%2Fcategories&post=25384"},{"taxonomy":"post_tag","embeddable":true,"href":"https:\/\/obscom.intervozes.org.br\/index.php?rest_route=%2Fwp%2Fv2%2Ftags&post=25384"}],"curies":[{"name":"wp","href":"https:\/\/api.w.org\/{rel}","templated":true}]}}