{"id":25381,"date":"2011-02-25T14:03:34","date_gmt":"2011-02-25T14:03:34","guid":{"rendered":"https:\/\/obscom.intervozes.org.br\/wordpress\/?p=25381"},"modified":"2011-02-25T14:03:34","modified_gmt":"2011-02-25T14:03:34","slug":"para-anatel-ainda-nao-e-possivel-discutir-reducao-da-assinatura-basica","status":"publish","type":"post","link":"https:\/\/obscom.intervozes.org.br\/?p=25381","title":{"rendered":"Para Anatel, ainda n\u00e3o \u00e9 poss\u00edvel discutir redu\u00e7\u00e3o da assinatura b\u00e1sica"},"content":{"rendered":"<p><strong><span class=\"padrao\">Mariana Mazza &#8211; Teletime News<\/span><\/strong><span class=\"padrao\"><\/p>\n<p>O novo plano de acesso aos servi&ccedil;os de telefonia fixa com car&aacute;ter social, o Aice, anunciado nesta quinta, 24, pela Anatel, tem um custo bastante reduzido em rela&ccedil;&atilde;o &agrave; assinatura b&aacute;sica cobrada da maioria dos clientes, pode abrir caminho para uma discuss&atilde;o sobre o custo do pr&oacute;prio plano b&aacute;sico. Afinal, se o custo de atendimento dos assinantes &eacute; de R$ 9,50 (segundo as contas da Anatel para definir o novo Aice), porque os clientes pagam hoje uma assinatura m&eacute;dia de R$ 40 no plano convencional? Haveria espa&ccedil;o para reduzir o pre&ccedil;o da assinatura para todos? Segundo a Anatel, ainda n&atilde;o.<\/span><span class=\"padrao\"><\/p>\n<p>O conselheiro Jarbas Valente explicou que o custo de R$ 9,50 &eacute; v&aacute;lido apenas para o universo de 13 milh&otilde;es de assinantes potenciais do Aice. Segundo o conselheiro, o custo padr&atilde;o de conex&atilde;o de um assinante na rede fixa seria de R$ 13 aproximadamente. Mas o grande obst&aacute;culo para uma revis&atilde;o do valor da assinatura b&aacute;sica seria a falta de um modelo de custos, que esclare&ccedil;a plenamente os custos de presta&ccedil;&atilde;o do servi&ccedil;o de telefonia fixa. &quot;Hoje, com os n&uacute;meros que n&oacute;s temos, n&atilde;o d&aacute; para fazer (uma redu&ccedil;&atilde;o na assinatura b&aacute;sica). Com o modelo de custos que estamos desenvolvendo, esse c&aacute;lculo poder&aacute; ser feito. Mas isso n&atilde;o significa que o modelo funcionar&aacute; como uma varinha de cond&atilde;o&quot;, explicou Jarbas Valente.<\/span><\/p>\n","protected":false},"excerpt":{"rendered":"<p>Mariana Mazza &#8211; Teletime News O novo plano de acesso aos servi&ccedil;os de telefonia fixa com car&aacute;ter social, o Aice, anunciado nesta quinta, 24, pela Anatel, tem um custo bastante reduzido em rela&ccedil;&atilde;o &agrave; assinatura b&aacute;sica cobrada da maioria dos clientes, pode abrir caminho para uma discuss&atilde;o sobre o custo do pr&oacute;prio plano b&aacute;sico. Afinal, &hellip; <a href=\"https:\/\/obscom.intervozes.org.br\/?p=25381\" class=\"more-link\">Continue lendo <span class=\"screen-reader-text\">Para Anatel, ainda n\u00e3o \u00e9 poss\u00edvel discutir redu\u00e7\u00e3o da assinatura b\u00e1sica<\/span> <span class=\"meta-nav\">&rarr;<\/span><\/a><\/p>\n","protected":false},"author":1,"featured_media":0,"comment_status":"open","ping_status":"open","sticky":false,"template":"","format":"standard","meta":{"footnotes":""},"categories":[39],"tags":[],"_links":{"self":[{"href":"https:\/\/obscom.intervozes.org.br\/index.php?rest_route=\/wp\/v2\/posts\/25381"}],"collection":[{"href":"https:\/\/obscom.intervozes.org.br\/index.php?rest_route=\/wp\/v2\/posts"}],"about":[{"href":"https:\/\/obscom.intervozes.org.br\/index.php?rest_route=\/wp\/v2\/types\/post"}],"author":[{"embeddable":true,"href":"https:\/\/obscom.intervozes.org.br\/index.php?rest_route=\/wp\/v2\/users\/1"}],"replies":[{"embeddable":true,"href":"https:\/\/obscom.intervozes.org.br\/index.php?rest_route=%2Fwp%2Fv2%2Fcomments&post=25381"}],"version-history":[{"count":0,"href":"https:\/\/obscom.intervozes.org.br\/index.php?rest_route=\/wp\/v2\/posts\/25381\/revisions"}],"wp:attachment":[{"href":"https:\/\/obscom.intervozes.org.br\/index.php?rest_route=%2Fwp%2Fv2%2Fmedia&parent=25381"}],"wp:term":[{"taxonomy":"category","embeddable":true,"href":"https:\/\/obscom.intervozes.org.br\/index.php?rest_route=%2Fwp%2Fv2%2Fcategories&post=25381"},{"taxonomy":"post_tag","embeddable":true,"href":"https:\/\/obscom.intervozes.org.br\/index.php?rest_route=%2Fwp%2Fv2%2Ftags&post=25381"}],"curies":[{"name":"wp","href":"https:\/\/api.w.org\/{rel}","templated":true}]}}