{"id":25373,"date":"2011-02-23T17:47:20","date_gmt":"2011-02-23T17:47:20","guid":{"rendered":"https:\/\/obscom.intervozes.org.br\/wordpress\/?p=25373"},"modified":"2011-02-23T17:47:20","modified_gmt":"2011-02-23T17:47:20","slug":"comissoes-tematicas-da-comunicacao-do-congresso-ficam-com-pmdb-e-psdb","status":"publish","type":"post","link":"https:\/\/obscom.intervozes.org.br\/?p=25373","title":{"rendered":"Comiss\u00f5es tem\u00e1ticas da comunica\u00e7\u00e3o do Congresso ficam com PMDB e PSDB"},"content":{"rendered":"\n<p style=\"margin-bottom: 0cm\" class=\"western\"><a name=\"ctl00_ContentPlaceHolderConteudo_ContentPlaceHolder1_GridView1_ctl02_lblMensagem\" title=\"ctl00_ContentPlaceHolderConteudo_ContentPlaceHolder1_GridView1_ctl02_lblMensagem\"><\/a> <span class=\"padrao\">As duas principais comiss&otilde;es tem&aacute;ticas da &aacute;rea da comunica&ccedil;&atilde;o do Congresso ficar&atilde;o nas m&atilde;os do PMDB e do PSDB. O primeiro coordenar&aacute; os trabalhos da Comiss&atilde;o de Ci&ecirc;ncia, Tecnologia, Inova&ccedil;&atilde;o, Comunica&ccedil;&atilde;o e Informa&ccedil;&atilde;o (CCT) do Senado e os tucanos v&atilde;o presidir a Comiss&atilde;o de Ci&ecirc;ncia e Tecnologia, Comunica&ccedil;&atilde;o e Inform&aacute;tica (CCTCI) da C&acirc;mara. Possivelmente ser&atilde;o os principais espa&ccedil;os de embate em torno do projeto de revis&atilde;o do marco regulat&oacute;rio que o Governo Federal est&aacute; preparando.<\/span><\/p>\n<p style=\"margin-bottom: 0cm\" class=\"western\"> <\/p>\n<p style=\"margin-bottom: 0cm\" class=\"padrao\">As defini&ccedil;&otilde;es no Senado est&atilde;o mais adiantadas. S&atilde;o 17 titulares e 17 suplentes na CCT. A composi&ccedil;&atilde;o ficou da seguinte forma: cinco do PMDB (Eduardo Braga, Valdir Raupp, Vital do Rego, Lob&atilde;o Filho e Eun&iacute;cio Oliveira), tr&ecirc;s do PT (Angela Portela, Anibal Diniz, Walter Pinheiro), dois do PSDB (Cyro Miranda e Flexa Ribeiro) um do PR (Jo&atilde;o Ribeiro), um do PDT (Pedro Taques), um do PSB (Rodrigo Rollemberg), um do PP (Ciro Nogueira), um do PTB (Gim Argello), um do DEM (Jos&eacute; Agripino) e um do PSOL (Randolfe Rodrigues).<\/p>\n<p style=\"margin-bottom: 0cm\" class=\"western\"> <\/p>\n<p style=\"margin-bottom: 0cm\" class=\"padrao\">A presid&ecirc;ncia da CCT ser&aacute; de Eduardo Braga (PMDB) e a vice-presid&ecirc;ncia, de Gim Argello (PTB). J&aacute; a CCTCI da C&acirc;mara ainda n&atilde;o escolheu o nome de quem ir&aacute; presidi-la. Isso deve ocorrer na pr&oacute;xima semana. Um dos nomes cotados para a fun&ccedil;&atilde;o &eacute; do ex-senador Eduardo Azeredo, do PSDB de Minas Gerais. Azeredo foi autor de um projeto pol&ecirc;mico que, em nome da seguran&ccedil;a na rede, cria proibi&ccedil;&otilde;es para v&aacute;rias pr&aacute;ticas correntes de usu&aacute;rios, como trocar arquivos de &aacute;udio e v&iacute;deo em redes P2P (peer-to-peer) .<\/p>\n<p style=\"margin-bottom: 0cm\" class=\"western\"> <\/p>\n<p style=\"margin-bottom: 0cm\" class=\"padrao\">Embora n&atilde;o se tenham os nomes da CCTCI, por conta da regra da proporcionalidade partid&aacute;ria, j&aacute; se sabe quantas vagas cada partido ter&aacute; direito: PT (7 vagas), PMDB (6), PSDB (4), PP (3), DEM (3), PR (3), PSB (3), PDT (2), PTB (2), PSC, PC do B, PRB, PMN, PT do B, PV e PPS (1 cada). S&atilde;o 40 membros titulares e 40 suplentes nesta comiss&atilde;o.  <\/p>\n","protected":false},"excerpt":{"rendered":"<p>As duas principais comiss&otilde;es tem&aacute;ticas da &aacute;rea da comunica&ccedil;&atilde;o do Congresso ficar&atilde;o nas m&atilde;os do PMDB e do PSDB. O primeiro coordenar&aacute; os trabalhos da Comiss&atilde;o de Ci&ecirc;ncia, Tecnologia, Inova&ccedil;&atilde;o, Comunica&ccedil;&atilde;o e Informa&ccedil;&atilde;o (CCT) do Senado e os tucanos v&atilde;o presidir a Comiss&atilde;o de Ci&ecirc;ncia e Tecnologia, Comunica&ccedil;&atilde;o e Inform&aacute;tica (CCTCI) da C&acirc;mara. Possivelmente ser&atilde;o &hellip; <a href=\"https:\/\/obscom.intervozes.org.br\/?p=25373\" class=\"more-link\">Continue lendo <span class=\"screen-reader-text\">Comiss\u00f5es tem\u00e1ticas da comunica\u00e7\u00e3o do Congresso ficam com PMDB e PSDB<\/span> <span class=\"meta-nav\">&rarr;<\/span><\/a><\/p>\n","protected":false},"author":1,"featured_media":0,"comment_status":"open","ping_status":"open","sticky":false,"template":"","format":"standard","meta":{"footnotes":""},"categories":[39],"tags":[],"_links":{"self":[{"href":"https:\/\/obscom.intervozes.org.br\/index.php?rest_route=\/wp\/v2\/posts\/25373"}],"collection":[{"href":"https:\/\/obscom.intervozes.org.br\/index.php?rest_route=\/wp\/v2\/posts"}],"about":[{"href":"https:\/\/obscom.intervozes.org.br\/index.php?rest_route=\/wp\/v2\/types\/post"}],"author":[{"embeddable":true,"href":"https:\/\/obscom.intervozes.org.br\/index.php?rest_route=\/wp\/v2\/users\/1"}],"replies":[{"embeddable":true,"href":"https:\/\/obscom.intervozes.org.br\/index.php?rest_route=%2Fwp%2Fv2%2Fcomments&post=25373"}],"version-history":[{"count":0,"href":"https:\/\/obscom.intervozes.org.br\/index.php?rest_route=\/wp\/v2\/posts\/25373\/revisions"}],"wp:attachment":[{"href":"https:\/\/obscom.intervozes.org.br\/index.php?rest_route=%2Fwp%2Fv2%2Fmedia&parent=25373"}],"wp:term":[{"taxonomy":"category","embeddable":true,"href":"https:\/\/obscom.intervozes.org.br\/index.php?rest_route=%2Fwp%2Fv2%2Fcategories&post=25373"},{"taxonomy":"post_tag","embeddable":true,"href":"https:\/\/obscom.intervozes.org.br\/index.php?rest_route=%2Fwp%2Fv2%2Ftags&post=25373"}],"curies":[{"name":"wp","href":"https:\/\/api.w.org\/{rel}","templated":true}]}}