{"id":25371,"date":"2011-02-23T14:49:51","date_gmt":"2011-02-23T14:49:51","guid":{"rendered":"https:\/\/obscom.intervozes.org.br\/wordpress\/?p=25371"},"modified":"2011-02-23T14:49:51","modified_gmt":"2011-02-23T14:49:51","slug":"net-e-proibida-de-cobrar-por-ponto-extra-na-regiao-de-marilia","status":"publish","type":"post","link":"https:\/\/obscom.intervozes.org.br\/?p=25371","title":{"rendered":"NET \u00e9 proibida de cobrar por ponto extra na regi\u00e3o de Mar\u00edlia"},"content":{"rendered":"<p><span class=\"padrao\">A Justi&ccedil;a Federal de Mar&iacute;lia (SP) proibiu a NET de cobrar pela instala&ccedil;&atilde;o de ponto adicional, ponto de extens&atilde;o e loca&ccedil;&atilde;o de decodificador nos 14 munic&iacute;pios da regi&atilde;o, a partir do m&ecirc;s de mar&ccedil;o. A senten&ccedil;a prev&ecirc; a aplica&ccedil;&atilde;o de multa de R$ 5 mil por fatura que descumpra a decis&atilde;o.<\/p>\n<p>A proibi&ccedil;&atilde;o &eacute; resultado de uma a&ccedil;&atilde;o civil p&uacute;blica ajuizada pelo procurador da Rep&uacute;blica Jefferson Aparecido Dias, do Minist&eacute;rio P&uacute;blico Federal em Mar&iacute;lia, em mar&ccedil;o de 2010 e que teve liminar favor&aacute;vel j&aacute; em maio do mesmo ano. Segundo o juiz Luiz Antonio Martins, &ldquo;a cobran&ccedil;a do ponto extra, ponto de extens&atilde;o e loca&ccedil;&atilde;o de decodificador n&atilde;o pode ser considerada remunera&ccedil;&atilde;o da concession&aacute;ria, pois se trata de verdadeira sobretarifa&rdquo;.<\/p>\n<p>Durante a a&ccedil;&atilde;o, a NET argumentou que &ldquo;a operadora de TV a cabo incorre em diversos custos para prestar o servi&ccedil;o do ponto extra, fato que justifica a plena possibilidade de cobran&ccedil;a daqueles assinantes que contratam tal servi&ccedil;o&rdquo;. O juiz entendeu, no entanto, que &ldquo;o pagamento tendo como fato gerador as instala&ccedil;&otilde;es desses servi&ccedil;os contribui para um ganho sem que tenha existido a presta&ccedil;&atilde;o de servi&ccedil;o que o justifique&rdquo;.<\/p>\n<p>A senten&ccedil;a tamb&eacute;m condenou a Anatel a fiscalizar e sancionar as cobran&ccedil;as ilegais por parte das operadoras de TV a cabo. S&atilde;o beneficiados pela decis&atilde;o os munic&iacute;pios da Subse&ccedil;&atilde;o Judici&aacute;ria Federal de Mar&iacute;lia: &Aacute;lvaro de Carvalho, Alvinl&acirc;ndia, Echapor&atilde;, Fern&atilde;o, G&aacute;lia, Gar&ccedil;a, J&uacute;lio Mesquita, Lup&eacute;rcio, Mar&iacute;lia, Ocau&ccedil;u, Oriente, Pomp&eacute;ia, Quintana e Vera Cruz<\/span><\/p>\n","protected":false},"excerpt":{"rendered":"<p>A Justi&ccedil;a Federal de Mar&iacute;lia (SP) proibiu a NET de cobrar pela instala&ccedil;&atilde;o de ponto adicional, ponto de extens&atilde;o e loca&ccedil;&atilde;o de decodificador nos 14 munic&iacute;pios da regi&atilde;o, a partir do m&ecirc;s de mar&ccedil;o. A senten&ccedil;a prev&ecirc; a aplica&ccedil;&atilde;o de multa de R$ 5 mil por fatura que descumpra a decis&atilde;o. A proibi&ccedil;&atilde;o &eacute; resultado &hellip; <a href=\"https:\/\/obscom.intervozes.org.br\/?p=25371\" class=\"more-link\">Continue lendo <span class=\"screen-reader-text\">NET \u00e9 proibida de cobrar por ponto extra na regi\u00e3o de Mar\u00edlia<\/span> <span class=\"meta-nav\">&rarr;<\/span><\/a><\/p>\n","protected":false},"author":1,"featured_media":0,"comment_status":"open","ping_status":"open","sticky":false,"template":"","format":"standard","meta":{"footnotes":""},"categories":[40],"tags":[437],"_links":{"self":[{"href":"https:\/\/obscom.intervozes.org.br\/index.php?rest_route=\/wp\/v2\/posts\/25371"}],"collection":[{"href":"https:\/\/obscom.intervozes.org.br\/index.php?rest_route=\/wp\/v2\/posts"}],"about":[{"href":"https:\/\/obscom.intervozes.org.br\/index.php?rest_route=\/wp\/v2\/types\/post"}],"author":[{"embeddable":true,"href":"https:\/\/obscom.intervozes.org.br\/index.php?rest_route=\/wp\/v2\/users\/1"}],"replies":[{"embeddable":true,"href":"https:\/\/obscom.intervozes.org.br\/index.php?rest_route=%2Fwp%2Fv2%2Fcomments&post=25371"}],"version-history":[{"count":0,"href":"https:\/\/obscom.intervozes.org.br\/index.php?rest_route=\/wp\/v2\/posts\/25371\/revisions"}],"wp:attachment":[{"href":"https:\/\/obscom.intervozes.org.br\/index.php?rest_route=%2Fwp%2Fv2%2Fmedia&parent=25371"}],"wp:term":[{"taxonomy":"category","embeddable":true,"href":"https:\/\/obscom.intervozes.org.br\/index.php?rest_route=%2Fwp%2Fv2%2Fcategories&post=25371"},{"taxonomy":"post_tag","embeddable":true,"href":"https:\/\/obscom.intervozes.org.br\/index.php?rest_route=%2Fwp%2Fv2%2Ftags&post=25371"}],"curies":[{"name":"wp","href":"https:\/\/api.w.org\/{rel}","templated":true}]}}