{"id":25367,"date":"2011-02-22T17:36:18","date_gmt":"2011-02-22T17:36:18","guid":{"rendered":"https:\/\/obscom.intervozes.org.br\/wordpress\/?p=25367"},"modified":"2011-02-22T17:36:18","modified_gmt":"2011-02-22T17:36:18","slug":"paulo-bernardo-defende-novo-modelo-de-fiscalizacao-para-radios-e-tvs","status":"publish","type":"post","link":"https:\/\/obscom.intervozes.org.br\/?p=25367","title":{"rendered":"Paulo Bernardo defende novo modelo de fiscaliza\u00e7\u00e3o para r\u00e1dios e TVs"},"content":{"rendered":"<p><span class=\"padrao\">Em entrevista ao programa <em>&Eacute; Not&iacute;cia<\/em>, da Rede TV!, transmitido na madrugada de segunda-feira (21), o ministro das Comunica&ccedil;&otilde;es, Paulo Bernardo, deu mais algumas informa&ccedil;&otilde;es sobre o conte&uacute;do do projeto de revis&atilde;o do marco regulat&oacute;rio que est&aacute; sendo preparado pelo governo. Uma delas &eacute; diz respeito &agrave; mudan&ccedil;a na fiscaliza&ccedil;&atilde;o dos meios de comunica&ccedil;&atilde;o que est&aacute; sendo planejada.<\/p>\n<p>O ministro voltou a defender que acredita ser importante que existam duas ag&ecirc;ncias de regula&ccedil;&atilde;o no setor. Uma para os servi&ccedil;os de telecomunica&ccedil;&otilde;es e outra para a regula&ccedil;&atilde;o de r&aacute;dios e TVs, incluindo seus conte&uacute;dos. A primeira continuaria sendo a Anatel e a segunda, uma nova. Essa poderia ser criada a partir da Ag&ecirc;ncia Nacional de Cinema (Ancine), hoje vinculada ao Minist&eacute;rio da Cultura (MinC), que continuaria existindo, mas cumprindo a fun&ccedil;&atilde;o de fomento &agrave; produ&ccedil;&atilde;o de audiovisual apenas.<\/p>\n<p>A nova ag&ecirc;ncia fiscalizaria se as emissoras est&atilde;o cumprindo os preceitos constitucionais em rela&ccedil;&atilde;o aos conte&uacute;dos. Coibiria, por exemplo, divulga&ccedil;&atilde;o de conte&uacute;dos racistas e outras viola&ccedil;&otilde;es de direitos humanos previstas em lei. Al&eacute;m disso, verificaria o cumprimento de limite de publicidade nas televis&otilde;es (25%) e de programas jornal&iacute;sticos (5%), entre outras poss&iacute;veis fun&ccedil;&otilde;es.<\/p>\n<p><strong>Modelo<\/strong><\/p>\n<p>Mas quem nesta ag&ecirc;ncia faria a avalia&ccedil;&atilde;o dos conte&uacute;dos? Para Paulo Bernardo, isso seria feito por um conselho indicado pelo Governo Federal e pelo Congresso. &ldquo;O melhor crit&eacute;rio &eacute; o que existe hoje. O presidente indica um conselheiro que &eacute; aprovado pelo Senado. N&atilde;o v&atilde;o ser os jornais que v&atilde;o escolher os conselheiros evidentemente&rdquo;, afirmou o ministro.<\/p>\n<p>Este modelo defendido pelo ministro &eacute; o que existe na Anatel. Seu Conselho Diretor &eacute; composto por cinco membros indicados pelo presidente, ap&oacute;s aprova&ccedil;&atilde;o do Senado. Eles t&ecirc;m mandato de cinco anos, com vencimento sequencial. Substitui-se um conselheiro por ano. O presidente do Conselho &eacute; o presidente da Ag&ecirc;ncia, fun&ccedil;&atilde;o atualmente ocupada pelo embaixador Ronaldo Sardenberg.<\/p>\n<p>O ministro chegou a exemplificar como seria a aplica&ccedil;&atilde;o de penalidade em caso de abusos de um concession&aacute;rio de TV. &ldquo;Voc&ecirc; vai receber uma multa, a televis&atilde;o provavelmente vai ter que colocar uma tarja dizendo que aquilo foi considerado inadequado&rdquo;, explicou.<\/p>\n<p><strong>Sociedade civil<\/strong><\/p>\n<p>Na vis&atilde;o de Paulo Bernardo, esse conselho da nova ag&ecirc;ncia n&atilde;o seria ocupado por representantes da sociedade civil (empres&aacute;rios ou n&atilde;o). &ldquo;A ag&ecirc;ncia tem que ter estabilidade, desvincula&ccedil;&atilde;o de interesses econ&ocirc;micos, pol&iacute;tico-partid&aacute;rios. Se a presidente n&atilde;o tem legitimidade pra indicar (os conselheiros), quem tem?&rdquo;, opinou. No entanto, ele tamb&eacute;m n&atilde;o descartou que os conselheiros sejam eleitos. &ldquo;Se algu&eacute;m propuser outra forma, pode ser&rdquo;, relevou.<\/p>\n<p>Mesmo sem defini&ccedil;&otilde;es sobre a quest&atilde;o, Paulo Bernardo foi enf&aacute;tico em afirmar a import&acirc;ncia de uma regula&ccedil;&atilde;o externa nos meios de radiodifus&atilde;o. &ldquo;Se o setor de m&iacute;dia quisesse, poderia ter feito uma autoregula&ccedil;&atilde;o. S&oacute; que nunca fez&rdquo;, criticou ele, defendendo tamb&eacute;m que a a&ccedil;&atilde;o do Minist&eacute;rio P&uacute;blico n&atilde;o tem sido suficiente para coibir os desvios de conduta dos concession&aacute;rios de r&aacute;dio e TV. <\/span><\/p>\n<p>&nbsp;<\/p>\n<p>&nbsp;<\/p>\n","protected":false},"excerpt":{"rendered":"<p><span class=\"padrao\">Ministro sugere a possiblidade de duas ag&ecirc;ncias de regula&ccedil;&atilde;o no setor de comunica&ccedil;&atilde;o<\/span><\/p>\n","protected":false},"author":1,"featured_media":0,"comment_status":"open","ping_status":"open","sticky":false,"template":"","format":"standard","meta":{"footnotes":""},"categories":[40],"tags":[366],"_links":{"self":[{"href":"https:\/\/obscom.intervozes.org.br\/index.php?rest_route=\/wp\/v2\/posts\/25367"}],"collection":[{"href":"https:\/\/obscom.intervozes.org.br\/index.php?rest_route=\/wp\/v2\/posts"}],"about":[{"href":"https:\/\/obscom.intervozes.org.br\/index.php?rest_route=\/wp\/v2\/types\/post"}],"author":[{"embeddable":true,"href":"https:\/\/obscom.intervozes.org.br\/index.php?rest_route=\/wp\/v2\/users\/1"}],"replies":[{"embeddable":true,"href":"https:\/\/obscom.intervozes.org.br\/index.php?rest_route=%2Fwp%2Fv2%2Fcomments&post=25367"}],"version-history":[{"count":0,"href":"https:\/\/obscom.intervozes.org.br\/index.php?rest_route=\/wp\/v2\/posts\/25367\/revisions"}],"wp:attachment":[{"href":"https:\/\/obscom.intervozes.org.br\/index.php?rest_route=%2Fwp%2Fv2%2Fmedia&parent=25367"}],"wp:term":[{"taxonomy":"category","embeddable":true,"href":"https:\/\/obscom.intervozes.org.br\/index.php?rest_route=%2Fwp%2Fv2%2Fcategories&post=25367"},{"taxonomy":"post_tag","embeddable":true,"href":"https:\/\/obscom.intervozes.org.br\/index.php?rest_route=%2Fwp%2Fv2%2Ftags&post=25367"}],"curies":[{"name":"wp","href":"https:\/\/api.w.org\/{rel}","templated":true}]}}