{"id":25361,"date":"2011-02-21T15:30:26","date_gmt":"2011-02-21T15:30:26","guid":{"rendered":"https:\/\/obscom.intervozes.org.br\/wordpress\/?p=25361"},"modified":"2011-02-21T15:30:26","modified_gmt":"2011-02-21T15:30:26","slug":"publicada-a-licenca-de-scm-telebras-busca-agora-liberacao-de-projeto-de-instalacao","status":"publish","type":"post","link":"https:\/\/obscom.intervozes.org.br\/?p=25361","title":{"rendered":"Publicada a licen\u00e7a de SCM, Telebr\u00e1s busca agora libera\u00e7\u00e3o de projeto de instala\u00e7\u00e3o"},"content":{"rendered":"<p><strong><span class=\"padrao\">Reda&ccedil;&atilde;o &#8211; Teletime<\/span><\/strong><span class=\"padrao\"><\/p>\n<p>A Telebr&aacute;s teve publicada nesta sexta-feira, 18, a autoriza&ccedil;&atilde;o da Anatel para explora&ccedil;&atilde;o do Servi&ccedil;o de Comunica&ccedil;&atilde;o Multim&iacute;dia (SCM), necess&aacute;ria para que a empresa possa comercializar banda larga. A licen&ccedil;a &eacute; nacional e tem prazo de validade indeterminado.<\/span><span class=\"padrao\"><\/p>\n<p>O processo de licenciamento das esta&ccedil;&otilde;es da rede nacional come&ccedil;ar&aacute; assim que a Anatel aprovar seu projeto de instala&ccedil;&atilde;o, j&aacute; submetido &agrave; an&aacute;lise da ag&ecirc;ncia. No documento, a Telebr&aacute;s detalha as a&ccedil;&otilde;es necess&aacute;rias para implantar a infraestrutura da rede nacional de telecomunica&ccedil;&otilde;es, assim como a sua arquitetura f&iacute;sica e l&oacute;gica.<\/span><span class=\"padrao\"><\/p>\n<p>Tamb&eacute;m est&atilde;o descritos no projeto como ser&atilde;o iluminadas as fibras &oacute;pticas e como ocorrer&aacute; a implanta&ccedil;&atilde;o da rede de transporte em r&aacute;dio de alta velocidade para a distribui&ccedil;&atilde;o de dados (backhaul). Traz informa&ccedil;&otilde;es, ainda, sobre a integra&ccedil;&atilde;o da rede aos pontos de troca de tr&aacute;fego e a estrutura&ccedil;&atilde;o de rede IP para presta&ccedil;&atilde;o de servi&ccedil;os multim&iacute;dia.<\/span><span class=\"padrao\"><\/p>\n<p>Nos pr&oacute;ximos dias, devem ser finalizadas tamb&eacute;m as negocia&ccedil;&otilde;es com o setor el&eacute;trico e com a Petrobr&aacute;s para a obten&ccedil;&atilde;o da cess&atilde;o de uso das fibras &oacute;pticas.<\/span><\/p>\n","protected":false},"excerpt":{"rendered":"<p>Reda&ccedil;&atilde;o &#8211; Teletime A Telebr&aacute;s teve publicada nesta sexta-feira, 18, a autoriza&ccedil;&atilde;o da Anatel para explora&ccedil;&atilde;o do Servi&ccedil;o de Comunica&ccedil;&atilde;o Multim&iacute;dia (SCM), necess&aacute;ria para que a empresa possa comercializar banda larga. A licen&ccedil;a &eacute; nacional e tem prazo de validade indeterminado. O processo de licenciamento das esta&ccedil;&otilde;es da rede nacional come&ccedil;ar&aacute; assim que a Anatel &hellip; <a href=\"https:\/\/obscom.intervozes.org.br\/?p=25361\" class=\"more-link\">Continue lendo <span class=\"screen-reader-text\">Publicada a licen\u00e7a de SCM, Telebr\u00e1s busca agora libera\u00e7\u00e3o de projeto de instala\u00e7\u00e3o<\/span> <span class=\"meta-nav\">&rarr;<\/span><\/a><\/p>\n","protected":false},"author":1,"featured_media":0,"comment_status":"open","ping_status":"open","sticky":false,"template":"","format":"standard","meta":{"footnotes":""},"categories":[39],"tags":[],"_links":{"self":[{"href":"https:\/\/obscom.intervozes.org.br\/index.php?rest_route=\/wp\/v2\/posts\/25361"}],"collection":[{"href":"https:\/\/obscom.intervozes.org.br\/index.php?rest_route=\/wp\/v2\/posts"}],"about":[{"href":"https:\/\/obscom.intervozes.org.br\/index.php?rest_route=\/wp\/v2\/types\/post"}],"author":[{"embeddable":true,"href":"https:\/\/obscom.intervozes.org.br\/index.php?rest_route=\/wp\/v2\/users\/1"}],"replies":[{"embeddable":true,"href":"https:\/\/obscom.intervozes.org.br\/index.php?rest_route=%2Fwp%2Fv2%2Fcomments&post=25361"}],"version-history":[{"count":0,"href":"https:\/\/obscom.intervozes.org.br\/index.php?rest_route=\/wp\/v2\/posts\/25361\/revisions"}],"wp:attachment":[{"href":"https:\/\/obscom.intervozes.org.br\/index.php?rest_route=%2Fwp%2Fv2%2Fmedia&parent=25361"}],"wp:term":[{"taxonomy":"category","embeddable":true,"href":"https:\/\/obscom.intervozes.org.br\/index.php?rest_route=%2Fwp%2Fv2%2Fcategories&post=25361"},{"taxonomy":"post_tag","embeddable":true,"href":"https:\/\/obscom.intervozes.org.br\/index.php?rest_route=%2Fwp%2Fv2%2Ftags&post=25361"}],"curies":[{"name":"wp","href":"https:\/\/api.w.org\/{rel}","templated":true}]}}