{"id":25359,"date":"2011-02-21T15:20:37","date_gmt":"2011-02-21T15:20:37","guid":{"rendered":"https:\/\/obscom.intervozes.org.br\/wordpress\/?p=25359"},"modified":"2011-02-21T15:20:37","modified_gmt":"2011-02-21T15:20:37","slug":"minicom-propoe-plano-inedito-de-outorgas-para-radios-comunitarias","status":"publish","type":"post","link":"https:\/\/obscom.intervozes.org.br\/?p=25359","title":{"rendered":"MiniCom prop\u00f5e plano in\u00e9dito de outorgas para r\u00e1dios comunit\u00e1rias"},"content":{"rendered":"<p><span class=\"padrao\">O secret&aacute;rio de Servi&ccedil;os de Comunica&ccedil;&atilde;o Eletr&ocirc;nica, Genildo Lins Albuquerque, anunciou que o Minist&eacute;rio das Comunica&ccedil;&otilde;es deve lan&ccedil;ar ainda neste semestre, um Plano Nacional de Outorgas com o objetivo de tornar mais &aacute;gil o processo de autoriza&ccedil;&atilde;o de r&aacute;dio comunit&aacute;ria no pa&iacute;s e universalizar o servi&ccedil;o.<\/p>\n<p>Segundo o secret&aacute;rio, em 13 munic&iacute;pios do Brasil nunca foram lan&ccedil;ados avisos de habilita&ccedil;&atilde;o para o servi&ccedil;o de radiodifus&atilde;o comunit&aacute;ria. Embora pare&ccedil;a pouco no total de 5.565 munic&iacute;pios, &ldquo;n&atilde;o &eacute; razo&aacute;vel que isso aconte&ccedil;a&rdquo;, declarou.<\/p>\n<p>No pa&iacute;s, atualmente h&aacute; autoriza&ccedil;&atilde;o para funcionamento de 4.200 emissoras de r&aacute;dios comunit&aacute;rias. O objetivo do governo &eacute; que todos os 5.565 munic&iacute;pios tenham pelo menos uma emissora. Para seguir essa diretriz apontada pela presidenta Dilma Rousseff, o ministro das Comunica&ccedil;&otilde;es, Paulo Bernardo, est&aacute; promovendo algumas mudan&ccedil;as na estrutura do minist&eacute;rio, como a cria&ccedil;&atilde;o de uma coordena&ccedil;&atilde;o-geral de radiodifus&atilde;o comunit&aacute;ria dentro da Secretaria de Servi&ccedil;os de Comunica&ccedil;&atilde;o Eletr&ocirc;nica. A proposta de mudan&ccedil;a j&aacute; foi encaminhada e aguarda aprova&ccedil;&atilde;o da Presid&ecirc;ncia da Rep&uacute;blica.<\/p>\n<p>Genildo Albuquerque esclareceu que o Plano foi elaborado a partir dos resultados obtidos com uma pesquisa in&eacute;dita realizada pelo Minist&eacute;rio que resultou no mapeamento da distribui&ccedil;&atilde;o das r&aacute;dios comunit&aacute;rias pelo pa&iacute;s e identificou os principais obst&aacute;culos na outorga de novas.<\/p>\n<p>O secret&aacute;rio lembrou que a Lei de Radiodifus&atilde;o Comunit&aacute;ria (n&ordm; 9.612\/98) completou 13 anos no s&aacute;bado, 19 de fevereiro e este &ldquo;&eacute; um bom momento para comemorarmos com o lan&ccedil;amento de um Plano que ir&aacute; racionalizar e melhorar o processo de outorga de r&aacute;dios comunit&aacute;rias&rdquo;, destacou.<\/p>\n<p>A principal a&ccedil;&atilde;o do Plano Nacional de Outorgas para alcan&ccedil;ar essa cobertura &eacute; divulgar com anteced&ecirc;ncia um calend&aacute;rio com as datas dos futuros avisos de habilita&ccedil;&atilde;o e as localidades que ser&atilde;o contempladas em cada um deles. Segundo o Assessor Especial da Secretaria Executiva, Octavio Pieranti, a id&eacute;ia &eacute; que os interessados em operar o servi&ccedil;o possam se planejar, deixando toda a documenta&ccedil;&atilde;o necess&aacute;ria organizada. Isso evitaria atrasos e a necessidade de prorrogar os prazos dos avisos, o que acaba prejudicando a an&aacute;lise dos processos. O minist&eacute;rio ainda estuda se a periodicidade do calend&aacute;rio ser&aacute; anual ou semestral.<\/p>\n<p>As manifesta&ccedil;&otilde;es de interesse na presta&ccedil;&atilde;o do servi&ccedil;o continuar&atilde;o a ser observadas. Al&eacute;m disso, ser&atilde;o observados crit&eacute;rios como a exist&ecirc;ncia de canal do Plano B&aacute;sico e a popula&ccedil;&atilde;o da localidade. &ldquo;As cidades ser&atilde;o definidas para atender de forma democr&aacute;tica todas as regi&otilde;es, avan&ccedil;ando na universaliza&ccedil;&atilde;o do servi&ccedil;o de forma similar em todo o pa&iacute;s&rdquo;, afirma Octavio Pieranti.<\/p>\n<p><strong>Outras a&ccedil;&otilde;es<\/strong><\/p>\n<p>Al&eacute;m da preocupa&ccedil;&atilde;o em agilizar e universalizar o servi&ccedil;o de radiodifus&atilde;o comunit&aacute;ria, a Secretaria tamb&eacute;m outras a&ccedil;&otilde;es para fortalecer o setor. Uma das propostas &eacute; fomentar o desenvolvimento de um software livre, dispon&iacute;vel gratuitamente para download, para a gest&atilde;o das emissoras de radiodifus&atilde;o comunit&aacute;ria. A ferramenta traria facilidade tanto na parte administrativa quanto na organiza&ccedil;&atilde;o da programa&ccedil;&atilde;o.<\/p>\n<p>Al&eacute;m disso, o MiniCom vai promover ciclos de palestras, oficinas e cursos visando a capacita&ccedil;&atilde;o dos radiodifusores comunit&aacute;rios, em parceria com emissoras p&uacute;blicas e outras entidades. Outra proposta, ainda em estudo, &eacute; disponibilizar gratuitamente um acervo de programa&ccedil;&atilde;o diferenciada e de qualidade para r&aacute;dios comunit&aacute;rias, por meio da articula&ccedil;&atilde;o de iniciativas de diversos &oacute;rg&atilde;os p&uacute;blicos que produzem esse tipo de conte&uacute;do.<\/p>\n<p>Octavio Pieranti ressalta que o Plano Nacional de Outorgas n&atilde;o necessitar&aacute; de um novo marco legal para come&ccedil;ar a ser implementado, pois trata apenas de pol&iacute;ticas para agilizar e universalizar o servi&ccedil;o.<br \/><strong><br \/>Entenda como funcionam os avisos de habilita&ccedil;&atilde;o<\/strong><\/p>\n<p>Nestes 13 anos de Lei de Radiodifus&atilde;o, o MiniCom publicou 31 avisos de habilita&ccedil;&atilde;o, em uma m&eacute;dia de tr&ecirc;s a quatro avisos nos &uacute;ltimos anos. O aviso de habilita&ccedil;&atilde;o &eacute; o meio utilizado para tornar p&uacute;blico o chamamento das entidades que desejem executar o servi&ccedil;o de radiodifus&atilde;o comunit&aacute;ria em determinadas localidades. Permite a participa&ccedil;&atilde;o tanto das entidades que j&aacute; manifestaram interesse em operar o servi&ccedil;o quanto daquelas que ainda n&atilde;o enviaram ao minist&eacute;rio o formul&aacute;rio de demonstra&ccedil;&atilde;o de interesse, dispon&iacute;vel no site.<\/p>\n<p>Ap&oacute;s a publica&ccedil;&atilde;o do aviso, as entidades t&ecirc;m um prazo para apresentar toda a documenta&ccedil;&atilde;o solicitada pelo minist&eacute;rio. A sele&ccedil;&atilde;o &eacute; feita a partir da an&aacute;lise desses documentos. Depois de publicada a portaria de autoriza&ccedil;&atilde;o, a entidade deve aguardar a emiss&atilde;o de uma licen&ccedil;a de funcionamento para iniciar o servi&ccedil;o.<\/span><\/p>\n","protected":false},"excerpt":{"rendered":"<p>No anivers&aacute;rio de 13 anos da Lei de Radiodifus&atilde;o Comunit&aacute;ria, minist&eacute;rio  anuncia pol&iacute;ticas para universalizar e fortalecer o setor<\/p>\n","protected":false},"author":1,"featured_media":0,"comment_status":"open","ping_status":"open","sticky":false,"template":"","format":"standard","meta":{"footnotes":""},"categories":[40],"tags":[1421],"_links":{"self":[{"href":"https:\/\/obscom.intervozes.org.br\/index.php?rest_route=\/wp\/v2\/posts\/25359"}],"collection":[{"href":"https:\/\/obscom.intervozes.org.br\/index.php?rest_route=\/wp\/v2\/posts"}],"about":[{"href":"https:\/\/obscom.intervozes.org.br\/index.php?rest_route=\/wp\/v2\/types\/post"}],"author":[{"embeddable":true,"href":"https:\/\/obscom.intervozes.org.br\/index.php?rest_route=\/wp\/v2\/users\/1"}],"replies":[{"embeddable":true,"href":"https:\/\/obscom.intervozes.org.br\/index.php?rest_route=%2Fwp%2Fv2%2Fcomments&post=25359"}],"version-history":[{"count":0,"href":"https:\/\/obscom.intervozes.org.br\/index.php?rest_route=\/wp\/v2\/posts\/25359\/revisions"}],"wp:attachment":[{"href":"https:\/\/obscom.intervozes.org.br\/index.php?rest_route=%2Fwp%2Fv2%2Fmedia&parent=25359"}],"wp:term":[{"taxonomy":"category","embeddable":true,"href":"https:\/\/obscom.intervozes.org.br\/index.php?rest_route=%2Fwp%2Fv2%2Fcategories&post=25359"},{"taxonomy":"post_tag","embeddable":true,"href":"https:\/\/obscom.intervozes.org.br\/index.php?rest_route=%2Fwp%2Fv2%2Ftags&post=25359"}],"curies":[{"name":"wp","href":"https:\/\/api.w.org\/{rel}","templated":true}]}}