{"id":25358,"date":"2011-02-17T15:52:08","date_gmt":"2011-02-17T15:52:08","guid":{"rendered":"https:\/\/obscom.intervozes.org.br\/wordpress\/?p=25358"},"modified":"2011-02-17T15:52:08","modified_gmt":"2011-02-17T15:52:08","slug":"paulo-bernardo-reafirma-que-regulacao-da-midia-vai-ocorrer-mas-sem-correria","status":"publish","type":"post","link":"https:\/\/obscom.intervozes.org.br\/?p=25358","title":{"rendered":"Paulo Bernardo reafirma que regula\u00e7\u00e3o da m\u00eddia vai ocorrer, mas sem correria"},"content":{"rendered":"<p><span class=\"padrao\">O ministro das Comunica&ccedil;&otilde;es, Paulo Bernardo, reafirmou nesta ter&ccedil;a-feira (15) que &eacute; preciso tratar com muito cuidado a discuss&atilde;o sobre o marco regulat&oacute;rio do setor. A regula&ccedil;&atilde;o, que pode impor restri&ccedil;&otilde;es &agrave; exist&ecirc;ncia de oligop&oacute;lios, &eacute; aguardada com grande ansiedade por setores da sociedade civil que lutam pela democratiza&ccedil;&atilde;o da comunica&ccedil;&atilde;o.<\/p>\n<p>Nascido por iniciativa do ex-ministro da Secretaria de Comunica&ccedil;&atilde;o (Secom), Franklin Martins, o anteprojeto foi transferido no in&iacute;cio do governo Dilma Rousseff ao Minist&eacute;rio das Comunica&ccedil;&otilde;es. Durante twitcam realizada no Sindicato dos Banc&aacute;rios de S&atilde;o Paulo, Bernardo afirmou que grupos dentro da pasta est&atilde;o analisando cada ponto do texto encaminhado por Martins, que depois ser&atilde;o compartilhados com a pr&oacute;pria Secom e com o Minist&eacute;rio da Cultura antes de um debate que envolva todo o governo.<\/p>\n<p>Depois disso, a expectativa &eacute; submeter o projeto a uma audi&ecirc;ncia p&uacute;blica para ent&atilde;o envi&aacute;-lo ao Congresso. &ldquo;O tema tem que ter muita resson&acirc;ncia na sociedade sob pena de o projeto ir pra gaveta. Voc&ecirc; fala que quer regular a m&iacute;dia e j&aacute; vem gente falando que queremos censurar, amorda&ccedil;ar. Temos de ser muito tranquilos e muito firmes nisso&rdquo;, ponderou o ministro, que durante duas horas respondeu a perguntas apresentadas pela plateia e por internautas.<\/p>\n<p>A maior parte das quest&otilde;es encaminhadas pelos presentes ao audit&oacute;rio dizia respeito &agrave; regula&ccedil;&atilde;o da comunica&ccedil;&atilde;o, embora o tema inicial do debate fosse o Plano Nacional de Banda Larga (PNBL). Bernardo afirmou que vai haver debate, mas pensa que &eacute; preciso refinar profundamente cada um dos pontos antes de se avan&ccedil;ar para a fase da a&ccedil;&atilde;o pol&iacute;tica. O ministro voltou a dizer que est&aacute; bem encaminhada a possibilidade de criar uma ag&ecirc;ncia espec&iacute;fica para tratar do conte&uacute;do da veiculado pelas empresas de radiodifus&atilde;o, desvinculada da Ag&ecirc;ncia Nacional de Telecomunica&ccedil;&otilde;es (Anatel).<\/p>\n<p>Ele prometeu estudar ainda mecanismos para tornar mais clara a proibi&ccedil;&atilde;o de que deputados e senadores possuam concess&otilde;es de r&aacute;dio e TV. Para Bernardo, o veto previsto na Constitui&ccedil;&atilde;o precisa ser estendido a pol&iacute;ticos como um todo, independentemente do cargo que ocupam.<\/p>\n<p>Questionado sobre as cr&iacute;ticas que sofre do jornalista Paulo Henrique Amorim, que frequentemente tem apontado que a discuss&atilde;o sobre a regula&ccedil;&atilde;o das comunica&ccedil;&otilde;es ser&aacute; engavetada, Bernardo ironizou afirmando que um bom rep&oacute;rter deve se basear no que dizem as fontes. &ldquo;Ele se precipitou. Come&ccedil;ou a bater antes de conversar com a gente, o que &eacute; ind&iacute;cio de que se guiou por mat&eacute;rias de jornal, e mat&eacute;rias erradas de jornal.&rdquo;<\/p>\n<p><strong>Banda larga<\/strong><\/p>\n<p>O ministro reafirmou tamb&eacute;m a ideia de que a banda larga seja inclu&iacute;da na revis&atilde;o do Plano Geral de Metas de Universaliza&ccedil;&atilde;o (PGMU), atualmente negociado entre governo e empresas de telecomunica&ccedil;&otilde;es. At&eacute; o come&ccedil;o de maio ser&atilde;o apresentados os novos objetivos a serem cumpridos pelo setor privado no que diz respeito a telefonia e, agora, a internet.<\/p>\n<p>As teles resistem &agrave; inclus&atilde;o de banda larga no PGMU, argumentando que isso n&atilde;o est&aacute; previsto nos contratos de concess&atilde;o firmados na d&eacute;cada de 1990. O governo discorda, usando como argumento o fato de que o servi&ccedil;o de internet &eacute;, inclusive, oferecido em conjunto com o de telefone. &ldquo;Esse &eacute; um servi&ccedil;o que compartilha a mesma infraestrutura, ent&atilde;o queremos discutir tamb&eacute;m a banda larga&rdquo;, aponta o ministro, que quer tamb&eacute;m discutir a distribui&ccedil;&atilde;o de telefones p&uacute;blicos, os orelh&otilde;es, pelas cidades do pa&iacute;s.<\/p>\n<p>A respeito do Plano Nacional de Banda Larga, o governo mant&eacute;m a proje&ccedil;&atilde;o de chegar a um piso de R$ 30 nas conex&otilde;es de 512 kbps. Para isso, ser&aacute; preciso fechar acordo com os governos estaduais para que se corte o Imposto de Circula&ccedil;&atilde;o sobre Mercadorias e Servi&ccedil;os (ICMS) espec&iacute;ficamente sobre o fornecimento de internet de alta velocidade. &ldquo;Agora, n&atilde;o tem de baixar o ICMS enquanto n&atilde;o fizer negocia&ccedil;&atilde;o e a empresa precisa baixar o pre&ccedil;o. Vamos fechar como pacote: traz o pre&ccedil;o para baixo e a gente propicia determinadas condi&ccedil;&otilde;es.&rdquo;<\/p>\n<p>Bernardo indica que, atualmente, 34% dos munic&iacute;pios brasileiros est&atilde;o conectados &agrave; internet. Ele acredita que, com a redu&ccedil;&atilde;o do pre&ccedil;o, ser&aacute; poss&iacute;vel ampliar rapidamente o acesso e, dentro de alguns anos, criar metas para a universaliza&ccedil;&atilde;o do servi&ccedil;o.<\/span><\/p>\n<p>&nbsp;<\/p>\n<p>&nbsp;<\/p>\n","protected":false},"excerpt":{"rendered":"<p>O ministro das Comunica&ccedil;&otilde;es, Paulo Bernardo, reafirmou nesta ter&ccedil;a-feira (15) que &eacute; preciso tratar com muito cuidado a discuss&atilde;o sobre o marco regulat&oacute;rio do setor. A regula&ccedil;&atilde;o, que pode impor restri&ccedil;&otilde;es &agrave; exist&ecirc;ncia de oligop&oacute;lios, &eacute; aguardada com grande ansiedade por setores da sociedade civil que lutam pela democratiza&ccedil;&atilde;o da comunica&ccedil;&atilde;o. Nascido por iniciativa do &hellip; <a href=\"https:\/\/obscom.intervozes.org.br\/?p=25358\" class=\"more-link\">Continue lendo <span class=\"screen-reader-text\">Paulo Bernardo reafirma que regula\u00e7\u00e3o da m\u00eddia vai ocorrer, mas sem correria<\/span> <span class=\"meta-nav\">&rarr;<\/span><\/a><\/p>\n","protected":false},"author":1,"featured_media":0,"comment_status":"open","ping_status":"open","sticky":false,"template":"","format":"standard","meta":{"footnotes":""},"categories":[40],"tags":[307],"_links":{"self":[{"href":"https:\/\/obscom.intervozes.org.br\/index.php?rest_route=\/wp\/v2\/posts\/25358"}],"collection":[{"href":"https:\/\/obscom.intervozes.org.br\/index.php?rest_route=\/wp\/v2\/posts"}],"about":[{"href":"https:\/\/obscom.intervozes.org.br\/index.php?rest_route=\/wp\/v2\/types\/post"}],"author":[{"embeddable":true,"href":"https:\/\/obscom.intervozes.org.br\/index.php?rest_route=\/wp\/v2\/users\/1"}],"replies":[{"embeddable":true,"href":"https:\/\/obscom.intervozes.org.br\/index.php?rest_route=%2Fwp%2Fv2%2Fcomments&post=25358"}],"version-history":[{"count":0,"href":"https:\/\/obscom.intervozes.org.br\/index.php?rest_route=\/wp\/v2\/posts\/25358\/revisions"}],"wp:attachment":[{"href":"https:\/\/obscom.intervozes.org.br\/index.php?rest_route=%2Fwp%2Fv2%2Fmedia&parent=25358"}],"wp:term":[{"taxonomy":"category","embeddable":true,"href":"https:\/\/obscom.intervozes.org.br\/index.php?rest_route=%2Fwp%2Fv2%2Fcategories&post=25358"},{"taxonomy":"post_tag","embeddable":true,"href":"https:\/\/obscom.intervozes.org.br\/index.php?rest_route=%2Fwp%2Fv2%2Ftags&post=25358"}],"curies":[{"name":"wp","href":"https:\/\/api.w.org\/{rel}","templated":true}]}}