{"id":25353,"date":"2011-02-16T11:10:01","date_gmt":"2011-02-16T11:10:01","guid":{"rendered":"https:\/\/obscom.intervozes.org.br\/wordpress\/?p=25353"},"modified":"2011-02-16T11:10:01","modified_gmt":"2011-02-16T11:10:01","slug":"ministerio-da-cultura-e-secom-ja-foram-chamados-para-debater-lei-de-comunicacao","status":"publish","type":"post","link":"https:\/\/obscom.intervozes.org.br\/?p=25353","title":{"rendered":"Minist\u00e9rio da Cultura e Secom j\u00e1 foram chamados para debater Lei de Comunica\u00e7\u00e3o"},"content":{"rendered":"<p><span class=\"padrao\">O ministro das Comunica&ccedil;&otilde;es Paulo Bernardo afirmou nesta ter&ccedil;a-feira, 15, que o projeto de uma Lei de Comunica&ccedil;&atilde;o n&atilde;o ser&aacute; enviado ao Congresso sem que o governo esteja certo de que ele &quot;tem resson&acirc;ncia na sociedade&quot;.<\/p>\n<p>&quot;Muitas vezes me perguntam por que a gente n&atilde;o manda logo para o Congresso. Porque se ele simplesmente for enviado sem debate, ele n&atilde;o ser&aacute; aprovado&quot;, explicou o ministro, que falou durante cerca de duas horas em uma apresenta&ccedil;&atilde;o no Sindicato de Banc&aacute;rios e Financi&aacute;rios de Osasco e Regi&atilde;o.<\/p>\n<p>O ministro disse que foi criado um grupo de trabalho dentro do minist&eacute;rio para examinar o projeto e que j&aacute; entrou em contato com a ministra Helena Chagas, titular da Secretaria de Comunica&ccedil;&atilde;o Social (Secom), e Ana de Holanda, ministra da Cultura, para participarem do desenho final do projeto. A id&eacute;ia, j&aacute; discutida com a presidenta Dilma, &eacute; que o projeto seja submetido &agrave; consulta p&uacute;blica antes que seja enviado ao Congresso.<\/p>\n<p>Um dos pontos que ser&aacute; tratado no projeto &eacute; a posse de ve&iacute;culos de comunica&ccedil;&atilde;o por parlamentares. Bernardo disse que a legisla&ccedil;&atilde;o n&atilde;o &eacute; clara sobre essa proibi&ccedil;&atilde;o e que, al&eacute;m disso, em muitos casos, os nomes dos parlamentares n&atilde;o aparecem como s&oacute;cios das empresas. Em todo caso, segundo o ministro, o projeto vai deixar as regras mais claras em rela&ccedil;&atilde;o a esta proibi&ccedil;&atilde;o. Sobre o uso de &quot;laranjas&quot;, Bernardo disse que este artif&iacute;cio j&aacute; &eacute; tipificado na legisla&ccedil;&atilde;o. <\/span><\/p>\n<p>&nbsp;<\/p>\n","protected":false},"excerpt":{"rendered":"<p>O ministro das Comunica&ccedil;&otilde;es Paulo Bernardo afirmou nesta ter&ccedil;a-feira, 15, que o projeto de uma Lei de Comunica&ccedil;&atilde;o n&atilde;o ser&aacute; enviado ao Congresso sem que o governo esteja certo de que ele &quot;tem resson&acirc;ncia na sociedade&quot;. &quot;Muitas vezes me perguntam por que a gente n&atilde;o manda logo para o Congresso. Porque se ele simplesmente for &hellip; <a href=\"https:\/\/obscom.intervozes.org.br\/?p=25353\" class=\"more-link\">Continue lendo <span class=\"screen-reader-text\">Minist\u00e9rio da Cultura e Secom j\u00e1 foram chamados para debater Lei de Comunica\u00e7\u00e3o<\/span> <span class=\"meta-nav\">&rarr;<\/span><\/a><\/p>\n","protected":false},"author":1,"featured_media":0,"comment_status":"open","ping_status":"open","sticky":false,"template":"","format":"standard","meta":{"footnotes":""},"categories":[40],"tags":[307],"_links":{"self":[{"href":"https:\/\/obscom.intervozes.org.br\/index.php?rest_route=\/wp\/v2\/posts\/25353"}],"collection":[{"href":"https:\/\/obscom.intervozes.org.br\/index.php?rest_route=\/wp\/v2\/posts"}],"about":[{"href":"https:\/\/obscom.intervozes.org.br\/index.php?rest_route=\/wp\/v2\/types\/post"}],"author":[{"embeddable":true,"href":"https:\/\/obscom.intervozes.org.br\/index.php?rest_route=\/wp\/v2\/users\/1"}],"replies":[{"embeddable":true,"href":"https:\/\/obscom.intervozes.org.br\/index.php?rest_route=%2Fwp%2Fv2%2Fcomments&post=25353"}],"version-history":[{"count":0,"href":"https:\/\/obscom.intervozes.org.br\/index.php?rest_route=\/wp\/v2\/posts\/25353\/revisions"}],"wp:attachment":[{"href":"https:\/\/obscom.intervozes.org.br\/index.php?rest_route=%2Fwp%2Fv2%2Fmedia&parent=25353"}],"wp:term":[{"taxonomy":"category","embeddable":true,"href":"https:\/\/obscom.intervozes.org.br\/index.php?rest_route=%2Fwp%2Fv2%2Fcategories&post=25353"},{"taxonomy":"post_tag","embeddable":true,"href":"https:\/\/obscom.intervozes.org.br\/index.php?rest_route=%2Fwp%2Fv2%2Ftags&post=25353"}],"curies":[{"name":"wp","href":"https:\/\/api.w.org\/{rel}","templated":true}]}}