{"id":25341,"date":"2011-02-11T16:48:41","date_gmt":"2011-02-11T16:48:41","guid":{"rendered":"https:\/\/obscom.intervozes.org.br\/wordpress\/?p=25341"},"modified":"2014-09-07T03:01:30","modified_gmt":"2014-09-07T03:01:30","slug":"o-fim-da-politica-do-balcao-no-ministerio-da-cultura","status":"publish","type":"post","link":"https:\/\/obscom.intervozes.org.br\/?p=25341","title":{"rendered":"O fim da &#8220;pol\u00edtica do balc\u00e3o&#8221; no Minist\u00e9rio da Cultura"},"content":{"rendered":"<p><span class=\"padrao\">O Minist&eacute;rio da Cultura (MinC) era reconhecido at&eacute; o fim do governo Fernando Henrique Cardoso por sua &quot;pol&iacute;tica de balc&atilde;o&quot;, a fim de favorecer artistas consagrados sob pr&aacute;ticas de mecenato. Gilberto Gil assumiu o desafio de comandar o Minist&eacute;rio ainda no primeiro mandato do Governo Lula e tratou de mudar os rumos da pasta. A partir de ent&atilde;o a cadeia produtiva da cultura foi alvo de a&ccedil;&otilde;es mais complexas como a proposta de revis&atilde;o dos direitos autorais, ado&ccedil;&atilde;o do Creative Commons e o programa Mais Cultura, ao conciliar a&ccedil;&otilde;es com as pol&iacute;ticas sociais, em especial nos Pontos de Cultura.<\/p>\n<p>O Instituto de Pesquisas Aplicadas (IPEA) avaliou de forma positiva 500 Pontos de Cultura distribu&iacute;dos em aproximadamente 250 munic&iacute;pios brasileiros. Os Pontos integram o &quot;Programa Arte Cultura e Cidadania &#8211; Cultura Viva&quot; e contaram com cerca de 1 milh&atilde;o de frequentadores espor&aacute;dicos e 124 mil habituais.<\/p>\n<p>Conforme os dados do IPEA, os investimento do Cultura Viva det&eacute;m a maior responsabilidade pela amplia&ccedil;&atilde;o das atividades nos Pontos. 37% dos espa&ccedil;os f&iacute;sicos s&atilde;o oriundos desses recursos, o que inclui bibliotecas, teatros, discotecas e salas de aula. A viabilidade e efic&aacute;cia dos investimentos s&atilde;o registrados pelo fato de que cada Ponto recebe em torno R$ 180 mil reais para o per&iacute;odo de dois anos e emprega 11 pessoas em m&eacute;dia.<\/p>\n<p>O Instituto tamb&eacute;m apontou as fragilidades para continuidade do programa, em especial a sustentabilidade, que pode ser comprometida em raz&atilde;o dos atrasos dos repasses e da descontinuidade do fluxo de recursos. Ao fim da gest&atilde;o de Juca Ferreira &eacute; generalizada a situa&ccedil;&atilde;o dos Pontos que est&atilde;o sem receber dinheiro j&aacute; empenhado ou mesmo aqueles que esperam ratificar a validade de editais nos quais foram credenciados. Estima-se que o MinC herdou uma d&iacute;vida de R$ 320 milh&otilde;es, sendo R$ 70 milh&otilde;es somente do Cultura Viva, o que representa 20% do total.<\/p>\n<p>Os ordenados a pagar da antiga gest&atilde;o do MinC se tornaram um dos &aacute;libis para a equipe a ministra do Governo Dilma Rousseff, Ana de Hollanda, sinalizar para fragiliza&ccedil;&atilde;o do Programa. A atual Secret&aacute;ria da Cidadania e Diversidade Cultural, Marta Porto, respons&aacute;vel pelos Pontos, antes de chegar ao governo, defendeu a tese de que o social est&aacute; matando a cultura. Atualmente ela aponta a necessidade de qualificar, mas descarta a expans&atilde;o dos Pontos.<\/p>\n<p>A professora da Escola de Comunica&ccedil;&atilde;o da UFRJ, Ivana Bentes, <a href=\"http:\/\/www.trezentos.blog.br\/?p=5531\" target=\"_blank\">escreveu artigo<\/a>  questionando a dicotomia entre expadir e qualificar. Para ela a rede dos Pontos seria &ldquo;um programa de bolsas&rdquo; caso n&atilde;o tivesse expandido por Estados e Munic&iacute;pios.<\/p>\n<p>Tarciana Portella, representante do MinC na regi&atilde;o nordeste, indica que al&eacute;m de pagar &eacute; preciso ampliar os recursos que margeiam cerca de 5 mil reais por m&ecirc;s para cada empreitada. Para ela as dificuldades enfrentadas pelos Pontos s&atilde;o sintom&aacute;ticas de uma pasta historicamente esfacelada: infra-estrutura quase inexistente envolvendo uni&atilde;o, estados e munic&iacute;pios, baixo or&ccedil;amento e poucos funcion&aacute;rios.<\/p>\n<p><strong>Comunica&ccedil;&atilde;o e Cultura<\/strong><\/p>\n<p>Portella ressalta que no projeto original os Pontos receberam equipamentos digitais que inclu&iacute;am c&acirc;meras e computadores, criando dentro dos pontos uma vasta possibilidade de produ&ccedil;&atilde;o de conte&uacute;do. Para difus&atilde;o deste material foi utilizada a rede de cineclubes, internet e as TVs p&uacute;blicas. &quot;Precisamos romper essa barreira entre a comunica&ccedil;&atilde;o e cultura&quot;, sentencia Tarciana, j&aacute; de sa&iacute;da do Minc.<\/p>\n<p>A representa&ccedil;&atilde;o regional do nordeste do MinC foi respons&aacute;vel pela <a href=\"http:\/\/localhost\/intervozes_direitoacomunicacao\/wordpress\/?p=23398\">Confer&ecirc;ncia Livre de Comunica&ccedil;&atilde;o para Cultura<\/a>  em setembro de 2009. O espa&ccedil;o buscou fazer conex&otilde;es entre os temas das confer&ecirc;ncias dos dois setores.<\/p>\n<p>Na II Confer&ecirc;ncia Nacional de Cultura, finalizada em mar&ccedil;o de 2010, foi poss&iacute;vel perceber a maior capilaridades dos debates da comunica&ccedil;&atilde;o ao sair resolu&ccedil;&otilde;es como avan&ccedil;ar na formula&ccedil;&atilde;o e implanta&ccedil;&atilde;o do PNBL com a presta&ccedil;&atilde;o do servi&ccedil;o em internet em regime p&uacute;blico, al&eacute;m de <a href=\"http:\/\/localhost\/intervozes_direitoacomunicacao\/wordpress\/?p=24093\">ratificar o papel<\/a>  da TV p&uacute;blica para promover a produ&ccedil;&atilde;o independente e diversa.<\/p>\n<p>Gustavo Yoda, jornalista cultural e associado do Intervozes &#8211; Coletivo Brasil de Comunica&ccedil;&atilde;o Social, percebe avan&ccedil;os nos setores articulados nas pol&iacute;ticas do MinC &#8211; a exemplo da rede Cultura Viva, na qual os Pontos de M&iacute;dia Livre s&atilde;o integrantes &#8211; mas ainda considera que o debate da difus&atilde;o est&aacute; muito aqu&eacute;m do ideal: &quot;Uma parte estava na I Confer&ecirc;ncia Nacional de Comunica&ccedil;&atilde;o, mas a rede n&atilde;o foi envolvida como um todo. Ainda falta encarar a comunica&ccedil;&atilde;o como pauta essencial para dar vaz&atilde;o a outras pautas&quot;.<\/p>\n<p><strong>Direitos Autorais<\/strong><\/p>\n<p>Al&eacute;m de novos canais comprometidos com a produ&ccedil;&atilde;o e difus&atilde;o de conte&uacute;dos, o MinC buscou constituir novos instrumentos legais para a propriedade intelectual, o que, teoricamente, atinge a concentra&ccedil;&atilde;o dos conglomerados midi&aacute;ticos no pa&iacute;s e porque n&atilde;o, no mundo.&nbsp; Vale lembrar que o minist&eacute;rio teve participa&ccedil;&atilde;o destac&aacute;vel na conven&ccedil;&atilde;o sobre a Prote&ccedil;&atilde;o e Promo&ccedil;&atilde;o da Diversidade das Express&otilde;es Culturais, em 2007, na qual garantiu mecanismos para a &aacute;rea n&atilde;o sofrer interfer&ecirc;ncias da Organiza&ccedil;&atilde;o Mundial do Com&eacute;rcio (OMC).<\/p>\n<p>As investidas do MinC e da Ag&ecirc;ncia Nacional de Cinema (Ancine) no campo da propriedade intelectual buscam adequar a produ&ccedil;&atilde;o cultural nacional as novas necessidades do ambiente de converg&ecirc;ncia ao buscar tridimensionalidade dos direitos patrimoniais: direito sobre a obra, direito de explora&ccedil;&atilde;o comercial e direitos sobre as receitas.<\/p>\n<p>A proposta para <a href=\"http:\/\/localhost\/intervozes_direitoacomunicacao\/wordpress\/?p=24536\">revis&atilde;o dos direitos autorais<\/a>  que caminha para o Congresso em 2011 destaca a descriminaliza&ccedil;&atilde;o da c&oacute;pia de m&uacute;sicas pela internet e a puni&ccedil;&atilde;o para as r&aacute;dios e tv&#39;s que praticam o jab&aacute;.<\/p>\n<p>J&aacute; o Creative Commons (CC) representa mecanismo de flexibiliza&ccedil;&atilde;o das licen&ccedil;as nas obras art&iacute;sticas, situa&ccedil;&atilde;o essa que tende a fragilizar o poder do Escrit&oacute;rio Central de Arrecada&ccedil;&atilde;o e Distribui&ccedil;&atilde;o (ECAD) no pa&iacute;s e ampliar as possibilidades de compartilhamento cultural. Na gest&atilde;o de Ana de Hollanda o Minc retirou do seu site o selo do CC, o que pra muitos significa o retorno da &quot;pol&iacute;tica do balc&atilde;o&quot; em correspond&ecirc;ncia aos artistas consagrados que subiram no palco de Dilma Rousseff durante a tensa elei&ccedil;&atilde;o presidencial de 2010. O ato no Rio de Janeiro teve entre os organizadores Antonio Grassi, atual presidente da Funarte, que tamb&eacute;m fez parte do Minc durante o governo Lula, mas saiu devido diverg&ecirc;ncias.<\/p>\n<p>Gustavo Yoda ressalta o papel do MinC no campo internacional e o pioneirismo em discuss&otilde;es como do direito autoral, mas lembra: &quot;Muita coisa ficou pra tr&aacute;s, como a criminaliza&ccedil;&atilde;o do jab&aacute;, por press&atilde;o no Congresso, lobby e ao mesmo tempo falta de postura en&eacute;rgica do MinC&quot;.<\/span><\/p>\n<p>&nbsp;<\/p>\n","protected":false},"excerpt":{"rendered":"<p>Programas desenvolvidos pelo minist&eacute;rio conferiu nova din&acirc;mica &agrave; produ&ccedil;&atilde;o cultural e enfrentou temas importantes como finaciamento e direitos autorais<\/p>\n","protected":false},"author":1,"featured_media":0,"comment_status":"open","ping_status":"open","sticky":false,"template":"","format":"standard","meta":{"footnotes":""},"categories":[40],"tags":[350],"_links":{"self":[{"href":"https:\/\/obscom.intervozes.org.br\/index.php?rest_route=\/wp\/v2\/posts\/25341"}],"collection":[{"href":"https:\/\/obscom.intervozes.org.br\/index.php?rest_route=\/wp\/v2\/posts"}],"about":[{"href":"https:\/\/obscom.intervozes.org.br\/index.php?rest_route=\/wp\/v2\/types\/post"}],"author":[{"embeddable":true,"href":"https:\/\/obscom.intervozes.org.br\/index.php?rest_route=\/wp\/v2\/users\/1"}],"replies":[{"embeddable":true,"href":"https:\/\/obscom.intervozes.org.br\/index.php?rest_route=%2Fwp%2Fv2%2Fcomments&post=25341"}],"version-history":[{"count":3,"href":"https:\/\/obscom.intervozes.org.br\/index.php?rest_route=\/wp\/v2\/posts\/25341\/revisions"}],"predecessor-version":[{"id":28218,"href":"https:\/\/obscom.intervozes.org.br\/index.php?rest_route=\/wp\/v2\/posts\/25341\/revisions\/28218"}],"wp:attachment":[{"href":"https:\/\/obscom.intervozes.org.br\/index.php?rest_route=%2Fwp%2Fv2%2Fmedia&parent=25341"}],"wp:term":[{"taxonomy":"category","embeddable":true,"href":"https:\/\/obscom.intervozes.org.br\/index.php?rest_route=%2Fwp%2Fv2%2Fcategories&post=25341"},{"taxonomy":"post_tag","embeddable":true,"href":"https:\/\/obscom.intervozes.org.br\/index.php?rest_route=%2Fwp%2Fv2%2Ftags&post=25341"}],"curies":[{"name":"wp","href":"https:\/\/api.w.org\/{rel}","templated":true}]}}