{"id":25335,"date":"2011-02-10T16:53:10","date_gmt":"2011-02-10T16:53:10","guid":{"rendered":"https:\/\/obscom.intervozes.org.br\/wordpress\/?p=25335"},"modified":"2011-02-10T16:53:10","modified_gmt":"2011-02-10T16:53:10","slug":"tvs-estatais-federais-serao-oferecidas-em-alta-definicao","status":"publish","type":"post","link":"https:\/\/obscom.intervozes.org.br\/?p=25335","title":{"rendered":"TVs estatais federais ser\u00e3o oferecidas em alta defini\u00e7\u00e3o"},"content":{"rendered":"<p><span class=\"padrao\">Diferente do que havia sido pensado, o governo agora pretende que os canais do campo p&uacute;blico ligados aos Tr&ecirc;s Poderes sejam oferecidos em alta defini&ccedil;&atilde;o (HD) &agrave; popula&ccedil;&atilde;o quando forem digitalizados. Antes, o plano era que apenas a TV Brasil operasse em HD. Os outros (TV Senado, TV C&acirc;mara, TV Justi&ccedil;a, NBR, Canais do Minist&eacute;rio da Educa&ccedil;&atilde;o e do Minist&eacute;rio da Cultura) fariam a transmiss&atilde;o em um padr&atilde;o de menor resolu&ccedil;&atilde;o de imagem, o <em>Standart Definition<\/em> (SD). A mudan&ccedil;a &eacute; importante pois aumenta a qualidade desses canais e, por consequ&ecirc;ncia, o interesse do telespectador.<\/p>\n<p>Os canais ligados aos minist&eacute;rios foram criados pelo Decreto 5.820\/2006, que criou as bases legais para a transi&ccedil;&atilde;o do sistema de TV anal&oacute;gico para o digital no pa&iacute;s. Al&eacute;m deles, o decreto garante um canal para o Poder Executivo e o Canal da Cidadania, para transmiss&atilde;o de programa&ccedil;&otilde;es das comunidades locais, bem como para divulga&ccedil;&atilde;o de atos, trabalhos, projetos, sess&otilde;es e eventos dos poderes p&uacute;blicos federal, estadual e municipal. <\/p>\n<p><\/span><span class=\"padrao\">Segundo o diretor de Servi&ccedil;os da Empresa Brasil de  Comunica&ccedil;&atilde;o (EBC), Jos&eacute; Roberto Garcez, &eacute; poss&iacute;vel em apenas um canal  (6Mhz) usar at&eacute; duas programa&ccedil;&otilde;es em alta defini&ccedil;&atilde;o. &ldquo;A gente calcula  que com quatro canais nacionais a gente consegue botar todos com  qualidade HD&rdquo;, diz o diretor. <\/span><br \/><span class=\"padrao\"><br \/>Com a digitaliza&ccedil;&atilde;o do sistema, os canais que ser&atilde;o usados pelas emissoras ser&atilde;o os do UHF (14 ao 69). As emissoras do campo p&uacute;blico, de acordo norma expedida em 2009, ter&atilde;o nove canais &agrave; disposi&ccedil;&atilde;o (60 a 68). &Eacute; para este espa&ccedil;o que est&aacute; sendo formatada a Rede Nacional de TV P&uacute;blica Digital Terrestre (RNTPD).<\/span><\/p>\n<p><strong><span class=\"padrao\">Rede<\/span><\/strong><span class=\"padrao\"><\/p>\n<p>Pelo projeto da RNTPD, as TVs comunit&aacute;rias, por exemplo, s&oacute; estariam dispon&iacute;veis nas capitais do pa&iacute;s, pelo Canal da Cidadania. No entanto, o uso desse espa&ccedil;o ainda precisa passar por uma defini&ccedil;&atilde;o mais clara por parte do Minist&eacute;rio das Comunica&ccedil;&otilde;es (Minicom), ao qual o canal &eacute; vinculado. Ele ser&aacute; oferecido em SD e tamb&eacute;m abarcaria canais universit&aacute;rios e legislativos. <\/span><\/p>\n<p>&nbsp;<\/p>\n<p><span class=\"padrao\">Al&eacute;m das poucas palavras ditas sobre o Canal da Cidadania no decreto de transi&ccedil;&atilde;o dos sistemas, foi publicada em 25 de mar&ccedil;o de 2010 a Portaria 198, que cria diretrizes de uso para o espa&ccedil;o. Para viabilizar a programa&ccedil;&atilde;o, o Minicom poder&aacute; celebrar conv&ecirc;nios com entidades das comunidades locais, al&eacute;m de entes da Administra&ccedil;&atilde;o P&uacute;blica direta e indireta em &acirc;mbito federal, estadual e municipal. A Portaria ainda cria a obriga&ccedil;&atilde;o de instala&ccedil;&atilde;o de um conselho gestor ligado ao Poder Legislativo local.<\/p>\n<p>No entanto, ainda n&atilde;o se sabe ao certo como as televis&otilde;es educativas estaduais atuar&atilde;o no ambiente digital e se participar&atilde;o do Canal da Cidadania. Uma possibilidade &eacute; que elas ganhem um canal digital (6Mhz) e o utilizem com suas programa&ccedil;&otilde;es. Outro modelo &eacute; a divis&atilde;o desse mesmo canal com outras programa&ccedil;&otilde;es, usando da multiprograma&ccedil;&atilde;o que o sinal digitalizado passa a permitir.<\/p>\n<p>Isso possibilitaria, por exemplo, que uma TV educativa se dividisse em uma autarquia p&uacute;blica e outra governamental. Ou separasse essas fun&ccedil;&otilde;es dentro de uma mesma estrutura, como ocorre hoje em n&iacute;vel nacional com a TV Brasil (p&uacute;blica) e a TV NBR (estatal), ambas gerenciadas pela EBC. Para operar com a multiprograma&ccedil;&atilde;o, no entanto, haveria a necessidade de uma mudan&ccedil;a legal. Hoje, apenas emissoras ligadas diretamente &agrave; Uni&atilde;o t&ecirc;m essa condi&ccedil;&atilde;o.<\/p>\n<p><strong>Conte&uacute;dos<\/strong><\/p>\n<p>O presidente da Associa&ccedil;&atilde;o Brasileira das Emissoras P&uacute;blicas, Educativas e Culturais (Abepec), P&oacute;la Ribeiro, acredita que &eacute; poss&iacute;vel que algumas televis&otilde;es locais mais robustas, como as do Par&aacute;, Minas Gerais e Bahia tenham condi&ccedil;&atilde;o de produzir e distribuir mais de uma programa&ccedil;&atilde;o dentro de um mesmo canal. Para ele, aumentar as possibilidades de conte&uacute;dos p&uacute;blicos e estatais &eacute; um ganho para o cidad&atilde;o.<\/p>\n<p>P&oacute;la Ribeiro acredita, por exemplo, que n&atilde;o seria dif&iacute;cil criar conte&uacute;dos para um canal musical. No entanto, ele afirma que o modelo de rede a ser criado precisa de mais di&aacute;logo entre a EBC e &agrave;s emissoras estaduais. &ldquo;N&atilde;o temos compreens&atilde;o t&atilde;o clara do operador. Que a gente possa aprofundar a discuss&atilde;o e dar um passo mais seguro&rdquo;, defende ele, que tamb&eacute;m &eacute; diretor-geral do Instituto de Radiodifus&atilde;o Educativa da Bahia.<\/p>\n<p>J&aacute; Jos&eacute; Roberto Garcez, da EBC, acredita que uma caracter&iacute;stica da Rede Nacional de TV P&uacute;blica Digital Terrestre &eacute; ser flex&iacute;vel. O operador digital estar&aacute; dispon&iacute;vel, inclusive para emissoras privadas. &ldquo;Ser&atilde;o projetos caso a caso. &Eacute; preciso que cada um se manifeste individualmente&rdquo;, afirma o diretor.<\/span><\/p>\n<p>&nbsp;<\/p>\n<p>&nbsp;<\/p>\n<p><span class=\"padrao\">Seja da forma que for o projeto, o futuro que se anuncia &eacute; de um aumento de espa&ccedil;o e de alcance para os canais p&uacute;blicos, estatais e comunit&aacute;rios. &ldquo;Aposto que a quest&atilde;o no futuro &eacute; quem vai produzir conte&uacute;do para tantos canais&rdquo;, comenta Garcez, que acredita ser inevit&aacute;vel a associa&ccedil;&atilde;o dessas emissoras com produtores de conte&uacute;dos independentes. Certo tamb&eacute;m &eacute; que a digitaliza&ccedil;&atilde;o dos canais do campo p&uacute;blico os colocar&aacute; em melhores condi&ccedil;&otilde;es de competir com as televis&otilde;es comerciais. Com a mesma qualidade do sinal, o gosto do cidad&atilde;o ser&aacute; disputado pela ess&ecirc;ncia de um ve&iacute;culo de comunica&ccedil;&atilde;o: seu conte&uacute;do.<\/span><\/p>\n<p>&nbsp;<\/p>\n<p>&nbsp;<\/p>\n","protected":false},"excerpt":{"rendered":"<p>Visando se equiparar com a qualidade das TVs comerciais, emissoras <span class=\"padrao\">ocupar&atilde;o quatro canais nacionais em transmiss&atilde;o HD. <\/span><\/p>\n","protected":false},"author":1,"featured_media":0,"comment_status":"open","ping_status":"open","sticky":false,"template":"","format":"standard","meta":{"footnotes":""},"categories":[40],"tags":[79],"_links":{"self":[{"href":"https:\/\/obscom.intervozes.org.br\/index.php?rest_route=\/wp\/v2\/posts\/25335"}],"collection":[{"href":"https:\/\/obscom.intervozes.org.br\/index.php?rest_route=\/wp\/v2\/posts"}],"about":[{"href":"https:\/\/obscom.intervozes.org.br\/index.php?rest_route=\/wp\/v2\/types\/post"}],"author":[{"embeddable":true,"href":"https:\/\/obscom.intervozes.org.br\/index.php?rest_route=\/wp\/v2\/users\/1"}],"replies":[{"embeddable":true,"href":"https:\/\/obscom.intervozes.org.br\/index.php?rest_route=%2Fwp%2Fv2%2Fcomments&post=25335"}],"version-history":[{"count":0,"href":"https:\/\/obscom.intervozes.org.br\/index.php?rest_route=\/wp\/v2\/posts\/25335\/revisions"}],"wp:attachment":[{"href":"https:\/\/obscom.intervozes.org.br\/index.php?rest_route=%2Fwp%2Fv2%2Fmedia&parent=25335"}],"wp:term":[{"taxonomy":"category","embeddable":true,"href":"https:\/\/obscom.intervozes.org.br\/index.php?rest_route=%2Fwp%2Fv2%2Fcategories&post=25335"},{"taxonomy":"post_tag","embeddable":true,"href":"https:\/\/obscom.intervozes.org.br\/index.php?rest_route=%2Fwp%2Fv2%2Ftags&post=25335"}],"curies":[{"name":"wp","href":"https:\/\/api.w.org\/{rel}","templated":true}]}}