{"id":25325,"date":"2011-02-09T15:56:16","date_gmt":"2011-02-09T15:56:16","guid":{"rendered":"https:\/\/obscom.intervozes.org.br\/wordpress\/?p=25325"},"modified":"2011-02-09T15:56:16","modified_gmt":"2011-02-09T15:56:16","slug":"para-ipea-governo-precisa-de-politica-de-longo-prazo-para-as-comunicacoes","status":"publish","type":"post","link":"https:\/\/obscom.intervozes.org.br\/?p=25325","title":{"rendered":"Para Ipea, governo precisa de pol\u00edtica de longo prazo para as comunica\u00e7\u00f5es"},"content":{"rendered":"<p><span class=\"padrao\">A necessidade de constru&ccedil;&atilde;o de uma pol&iacute;tica estrat&eacute;gica de longo prazo para o desenvolvimento sustent&aacute;vel e forte do setor de comunica&ccedil;&atilde;o brasileiro foi tema de um encontro realizado nesta ter&ccedil;a-feira, 8, entre o ministro das Comunica&ccedil;&otilde;es, Paulo Bernardo, e o presidente do Instituto de Pesquisa Econ&ocirc;mica Aplicada (Ipea), M&aacute;rcio Pochmann. Desde o in&iacute;cio da constru&ccedil;&atilde;o do Plano Nacional de Banda Larga (PNBL), o Ipea tem sido parceiro do governo no levantamento de dados para a consolida&ccedil;&atilde;o de pol&iacute;ticas p&uacute;blicas direcionadas. Hoje, Pochmann apresentou ao ministro o resultado de uma s&eacute;rie de pesquisas detalhadas sobre o setor de comunica&ccedil;&atilde;o, e o diagn&oacute;stico dos n&uacute;meros encontrados &eacute; que h&aacute; uma urg&ecirc;ncia em se pensar no m&eacute;dio e longo prazo para que esse segmento econ&ocirc;mico possa continuar crescendo e gerando retorno para a sociedade.<\/p>\n<p>Segundo Pochmann, o setor de comunica&ccedil;&atilde;o como um todo ainda peca pelo baixo &iacute;ndice de investimentos em compara&ccedil;&atilde;o com outros pa&iacute;ses. Outro problema &eacute; o reduzido n&iacute;vel de competi&ccedil;&atilde;o, especialmente no ramo das telecomunica&ccedil;&otilde;es. &quot;H&aacute; um baixo grau de competi&ccedil;&atilde;o no Brasil. Em menos de duas dezenas de cidades constatamos a exist&ecirc;ncia de mais de uma operadora de telefonia. &Eacute; um n&uacute;mero muito baixo considerando que temos mais de 5 mil munic&iacute;pios no Brasil&quot;, comentou o presidente do Ipea. &quot;&Eacute; quase uma situa&ccedil;&atilde;o de monop&oacute;lio&quot;, complementou.<\/p>\n<p>Outro fator que merece aten&ccedil;&atilde;o do governo &eacute; a capacita&ccedil;&atilde;o de profissionais em um setor com tend&ecirc;ncia de crescimento cada vez mais veloz em todo o mundo. Pelos dados coletados pelo Ipea, h&aacute; uma grande escassez de m&atilde;o de obra especializada no pa&iacute;s e os poucos centros de treinamento ainda est&atilde;o concentrados na Regi&atilde;o Sudeste. Os custos operacionais no ramo das comunica&ccedil;&otilde;es tamb&eacute;m precisam ser analisados com aten&ccedil;&atilde;o em futuras pol&iacute;ticas p&uacute;blicas para o setor, de acordo com o Ipea.<\/p>\n<p>Todo esse diagn&oacute;stico est&aacute; detalhado em tr&ecirc;s cadernos lan&ccedil;ados pelo Ipea em janeiro deste ano. Al&eacute;m dos cadernos, o instituto trabalha na configura&ccedil;&atilde;o de um grande sistema de sistematiza&ccedil;&atilde;o dos diferentes bancos de dados que hoje concentram informa&ccedil;&otilde;es sobre o setor de telecomunica&ccedil;&otilde;es. Para atingir esse objetivo, o Ipea ter&aacute; que firmar parcerias com diversos &oacute;rg&atilde;os e, para isso, conta com a colabora&ccedil;&atilde;o do Minist&eacute;rio das Comunica&ccedil;&otilde;es para intermediar e dinamizar a troca de informa&ccedil;&otilde;es. &quot;O nosso compromisso &eacute; de que isso se torne um instrumento para a constru&ccedil;&atilde;o de pol&iacute;ticas p&uacute;blicas&quot;, afirmou Pochmann. &quot;J&aacute; colaboramos com a banda larga, mas &eacute; preciso pensar tamb&eacute;m de forma estrat&eacute;gica a m&eacute;dio e longo prazo nesse setor&quot;. Segundo o presidente do Ipea, o ministro Paulo Bernardo reconheceu a import&acirc;ncia de tra&ccedil;ar essas pol&iacute;ticas estrat&eacute;gicas e trabalhar em parceria com o instituto de pesquisa.<\/span><\/p>\n","protected":false},"excerpt":{"rendered":"<p>A necessidade de constru&ccedil;&atilde;o de uma pol&iacute;tica estrat&eacute;gica de longo prazo para o desenvolvimento sustent&aacute;vel e forte do setor de comunica&ccedil;&atilde;o brasileiro foi tema de um encontro realizado nesta ter&ccedil;a-feira, 8, entre o ministro das Comunica&ccedil;&otilde;es, Paulo Bernardo, e o presidente do Instituto de Pesquisa Econ&ocirc;mica Aplicada (Ipea), M&aacute;rcio Pochmann. Desde o in&iacute;cio da constru&ccedil;&atilde;o &hellip; <a href=\"https:\/\/obscom.intervozes.org.br\/?p=25325\" class=\"more-link\">Continue lendo <span class=\"screen-reader-text\">Para Ipea, governo precisa de pol\u00edtica de longo prazo para as comunica\u00e7\u00f5es<\/span> <span class=\"meta-nav\">&rarr;<\/span><\/a><\/p>\n","protected":false},"author":1,"featured_media":0,"comment_status":"open","ping_status":"open","sticky":false,"template":"","format":"standard","meta":{"footnotes":""},"categories":[40],"tags":[977],"_links":{"self":[{"href":"https:\/\/obscom.intervozes.org.br\/index.php?rest_route=\/wp\/v2\/posts\/25325"}],"collection":[{"href":"https:\/\/obscom.intervozes.org.br\/index.php?rest_route=\/wp\/v2\/posts"}],"about":[{"href":"https:\/\/obscom.intervozes.org.br\/index.php?rest_route=\/wp\/v2\/types\/post"}],"author":[{"embeddable":true,"href":"https:\/\/obscom.intervozes.org.br\/index.php?rest_route=\/wp\/v2\/users\/1"}],"replies":[{"embeddable":true,"href":"https:\/\/obscom.intervozes.org.br\/index.php?rest_route=%2Fwp%2Fv2%2Fcomments&post=25325"}],"version-history":[{"count":0,"href":"https:\/\/obscom.intervozes.org.br\/index.php?rest_route=\/wp\/v2\/posts\/25325\/revisions"}],"wp:attachment":[{"href":"https:\/\/obscom.intervozes.org.br\/index.php?rest_route=%2Fwp%2Fv2%2Fmedia&parent=25325"}],"wp:term":[{"taxonomy":"category","embeddable":true,"href":"https:\/\/obscom.intervozes.org.br\/index.php?rest_route=%2Fwp%2Fv2%2Fcategories&post=25325"},{"taxonomy":"post_tag","embeddable":true,"href":"https:\/\/obscom.intervozes.org.br\/index.php?rest_route=%2Fwp%2Fv2%2Ftags&post=25325"}],"curies":[{"name":"wp","href":"https:\/\/api.w.org\/{rel}","templated":true}]}}