{"id":25321,"date":"2011-02-09T11:04:46","date_gmt":"2011-02-09T11:04:46","guid":{"rendered":"https:\/\/obscom.intervozes.org.br\/wordpress\/?p=25321"},"modified":"2011-02-09T11:04:46","modified_gmt":"2011-02-09T11:04:46","slug":"regulacao-da-midia-e-uma-prioridade-diz-lider-do-pt","status":"publish","type":"post","link":"https:\/\/obscom.intervozes.org.br\/?p=25321","title":{"rendered":"Regula\u00e7\u00e3o da m\u00eddia \u00e9 uma &#8220;prioridade&#8221;, diz l\u00edder do PT"},"content":{"rendered":"<p><span class=\"padrao\">O l&iacute;der do PT na C&acirc;mara, deputado federal Paulo Teixeira (SP), afirma que o marco regulat&oacute;rio para a m&iacute;dia &eacute; uma prioridade do partido.<\/p>\n<p>O tema n&atilde;o consta da lista de prioridades da presidente Dilma Rousseff para 2011, na mensagem entregue ao Congresso na semana passada.<\/p>\n<p>No artigo &quot;O Congresso e os desafios para 2011&quot;, no site do PT, Teixeira diz que o projeto -ainda n&atilde;o enviado &agrave; C&acirc;mara- tem de ser aprovado apesar da &quot;chiadeira&quot;.<\/p>\n<p>&quot;A regulamenta&ccedil;&atilde;o do cap&iacute;tulo da Constitui&ccedil;&atilde;o Federal referente &agrave; comunica&ccedil;&atilde;o &eacute; tarefa estrat&eacute;gica. H&aacute; uma chiadeira dos propriet&aacute;rios dos conglomerados de comunica&ccedil;&atilde;o, mas a mat&eacute;ria n&atilde;o pode ser mais adiada.&quot;<\/p>\n<p>Para ele, a defini&ccedil;&atilde;o de um marco regulat&oacute;rio &quot;que garanta mais liberdade de express&atilde;o, democratize e impe&ccedil;a a monopoliza&ccedil;&atilde;o do setor&quot; &eacute; um dos pontos centrais da &quot;agenda do Congresso&quot;.<\/p>\n<p>O artigo do l&iacute;der do PT foi publicado na sexta, dois dias depois de Dilma levar pessoalmente a mensagem do Executivo ao presidente do Senado, Jos&eacute; Sarney. N&atilde;o h&aacute; refer&ecirc;ncia ao projeto no discurso de Dilma nem na mensagem entregue ao senador.<\/p>\n<p>Durante o governo Lula, um grupo de trabalho coordenado pelo ex-ministro Franklin Martins (Comunica&ccedil;&atilde;o Social) fez um esbo&ccedil;o de uma Lei Geral de Comunica&ccedil;&atilde;o Social e a deixou como sugest&atilde;o ao novo governo.<\/p>\n<p>O esbo&ccedil;o prev&ecirc; a cria&ccedil;&atilde;o de uma Ag&ecirc;ncia Nacional de Comunica&ccedil;&atilde;o com o papel de regular o conte&uacute;do de r&aacute;dio e TV. O governo diz que isso n&atilde;o representa censura.<\/p>\n<p>Na primeira semana do governo Dilma, o ministro Paulo Bernardo (Comunica&ccedil;&otilde;es) adotou discurso mais cauteloso e disse que, antes de ser enviado, o projeto dever&aacute; passar por consulta p&uacute;blica.<\/span><\/p>\n","protected":false},"excerpt":{"rendered":"<p>O l&iacute;der do PT na C&acirc;mara, deputado federal Paulo Teixeira (SP), afirma que o marco regulat&oacute;rio para a m&iacute;dia &eacute; uma prioridade do partido. O tema n&atilde;o consta da lista de prioridades da presidente Dilma Rousseff para 2011, na mensagem entregue ao Congresso na semana passada. No artigo &quot;O Congresso e os desafios para 2011&quot;, &hellip; <a href=\"https:\/\/obscom.intervozes.org.br\/?p=25321\" class=\"more-link\">Continue lendo <span class=\"screen-reader-text\">Regula\u00e7\u00e3o da m\u00eddia \u00e9 uma &#8220;prioridade&#8221;, diz l\u00edder do PT<\/span> <span class=\"meta-nav\">&rarr;<\/span><\/a><\/p>\n","protected":false},"author":1,"featured_media":0,"comment_status":"open","ping_status":"open","sticky":false,"template":"","format":"standard","meta":{"footnotes":""},"categories":[40],"tags":[307],"_links":{"self":[{"href":"https:\/\/obscom.intervozes.org.br\/index.php?rest_route=\/wp\/v2\/posts\/25321"}],"collection":[{"href":"https:\/\/obscom.intervozes.org.br\/index.php?rest_route=\/wp\/v2\/posts"}],"about":[{"href":"https:\/\/obscom.intervozes.org.br\/index.php?rest_route=\/wp\/v2\/types\/post"}],"author":[{"embeddable":true,"href":"https:\/\/obscom.intervozes.org.br\/index.php?rest_route=\/wp\/v2\/users\/1"}],"replies":[{"embeddable":true,"href":"https:\/\/obscom.intervozes.org.br\/index.php?rest_route=%2Fwp%2Fv2%2Fcomments&post=25321"}],"version-history":[{"count":0,"href":"https:\/\/obscom.intervozes.org.br\/index.php?rest_route=\/wp\/v2\/posts\/25321\/revisions"}],"wp:attachment":[{"href":"https:\/\/obscom.intervozes.org.br\/index.php?rest_route=%2Fwp%2Fv2%2Fmedia&parent=25321"}],"wp:term":[{"taxonomy":"category","embeddable":true,"href":"https:\/\/obscom.intervozes.org.br\/index.php?rest_route=%2Fwp%2Fv2%2Fcategories&post=25321"},{"taxonomy":"post_tag","embeddable":true,"href":"https:\/\/obscom.intervozes.org.br\/index.php?rest_route=%2Fwp%2Fv2%2Ftags&post=25321"}],"curies":[{"name":"wp","href":"https:\/\/api.w.org\/{rel}","templated":true}]}}