{"id":25318,"date":"2011-02-08T13:23:27","date_gmt":"2011-02-08T13:23:27","guid":{"rendered":"https:\/\/obscom.intervozes.org.br\/wordpress\/?p=25318"},"modified":"2011-02-08T13:23:27","modified_gmt":"2011-02-08T13:23:27","slug":"abraco-quer-criacao-de-subsecretaria-de-radio-comunitaria-no-minicom","status":"publish","type":"post","link":"https:\/\/obscom.intervozes.org.br\/?p=25318","title":{"rendered":"Abra\u00e7o quer cria\u00e7\u00e3o de subsecretaria de R\u00e1dio Comunit\u00e1ria no Minicom"},"content":{"rendered":"<p class=\"padrao\">A dire&ccedil;&atilde;o da Associa&ccedil;&atilde;o Brasileira de R&aacute;dio Comunit&aacute;ria (Abra&ccedil;o) entregou uma pauta de reivindica&ccedil;&otilde;es com 13 itens ao ministro das Comunica&ccedil;&otilde;es, Paulo Bernardo, em reuni&atilde;o nesta segunda-feira (7). A entidade, entre outras coisas, pede o cumprimento do acordo firmado com o presidente Luiz In&aacute;cio Lula da Silva de cria&ccedil;&atilde;o de uma subsecretaria de Radiodifus&atilde;o Comunit&aacute;ria no Minicom.<\/p>\n<p>Para o coordenador-executivo da Abra&ccedil;o, Jos&eacute; S&oacute;ter, a cria&ccedil;&atilde;o de um departamento dedicado ao setor, ligado &agrave; Secretaria de Assuntos de Comunica&ccedil;&atilde;o Eletr&ocirc;nica, como j&aacute; prometeu Bernardo, &eacute; insuficiente. &ldquo;No governo passado j&aacute; havia a ger&ecirc;ncia de R&aacute;dio Comunit&aacute;ria, mas os problemas enfrentados pelas emissoras n&atilde;o eram resolvidos&rdquo;, reclama.<\/p>\n<p>Outro ponto da pauta pede a suspens&atilde;o do arquivamento sum&aacute;rio de processos de emissoras que iniciaram suas transmiss&otilde;es que iniciaram suas transmiss&otilde;es antes de receberam as autoriza&ccedil;&otilde;es. &ldquo;Isso vem acontecendo pela omiss&atilde;o do governo e do excesso de burocracia, al&eacute;m da falta de informa&ccedil;&otilde;es concretas do Minicom&rdquo;, explica S&oacute;ter.<\/p>\n<p>A entidade pede ainda que o Minicom crie uma comiss&atilde;o permanente de negocia&ccedil;&atilde;o visando o encaminhamento e resolu&ccedil;&atilde;o de problemas decorrentes da ado&ccedil;&atilde;o de crit&eacute;rios excludentes e pelo aperfei&ccedil;oamento do servi&ccedil;o, com a meta de chegar a 2014 com 10 mil autoriza&ccedil;&otilde;es de r&aacute;dios comunit&aacute;rias. &ldquo;Com essa meta, o Brasil ter&aacute; o maior sistema de comunica&ccedil;&atilde;o p&uacute;blica popular do mundo&rdquo;, disse S&oacute;ter.<\/p>\n<p>Segundo o coordenador-executivo da Abra&ccedil;o, o ministro Paulo Bernardo se comprometeu em estudar a pauta de reivindica&ccedil;&otilde;es e marcar nova conversa em breve. &ldquo;S&oacute; ele assumir a interlocu&ccedil;&atilde;o com a radiodifus&atilde;o comunit&aacute;ria j&aacute; ser&aacute; um avan&ccedil;o, porque n&atilde;o tivemos isso com os ministros anteriores&rdquo;, disse S&oacute;ter.<\/p>\n","protected":false},"excerpt":{"rendered":"<p>A dire&ccedil;&atilde;o da Associa&ccedil;&atilde;o Brasileira de R&aacute;dio Comunit&aacute;ria (Abra&ccedil;o) entregou uma pauta de reivindica&ccedil;&otilde;es com 13 itens ao ministro das Comunica&ccedil;&otilde;es, Paulo Bernardo, em reuni&atilde;o nesta segunda-feira (7). A entidade, entre outras coisas, pede o cumprimento do acordo firmado com o presidente Luiz In&aacute;cio Lula da Silva de cria&ccedil;&atilde;o de uma subsecretaria de Radiodifus&atilde;o Comunit&aacute;ria &hellip; <a href=\"https:\/\/obscom.intervozes.org.br\/?p=25318\" class=\"more-link\">Continue lendo <span class=\"screen-reader-text\">Abra\u00e7o quer cria\u00e7\u00e3o de subsecretaria de R\u00e1dio Comunit\u00e1ria no Minicom<\/span> <span class=\"meta-nav\">&rarr;<\/span><\/a><\/p>\n","protected":false},"author":1,"featured_media":0,"comment_status":"open","ping_status":"open","sticky":false,"template":"","format":"standard","meta":{"footnotes":""},"categories":[40],"tags":[1469],"_links":{"self":[{"href":"https:\/\/obscom.intervozes.org.br\/index.php?rest_route=\/wp\/v2\/posts\/25318"}],"collection":[{"href":"https:\/\/obscom.intervozes.org.br\/index.php?rest_route=\/wp\/v2\/posts"}],"about":[{"href":"https:\/\/obscom.intervozes.org.br\/index.php?rest_route=\/wp\/v2\/types\/post"}],"author":[{"embeddable":true,"href":"https:\/\/obscom.intervozes.org.br\/index.php?rest_route=\/wp\/v2\/users\/1"}],"replies":[{"embeddable":true,"href":"https:\/\/obscom.intervozes.org.br\/index.php?rest_route=%2Fwp%2Fv2%2Fcomments&post=25318"}],"version-history":[{"count":0,"href":"https:\/\/obscom.intervozes.org.br\/index.php?rest_route=\/wp\/v2\/posts\/25318\/revisions"}],"wp:attachment":[{"href":"https:\/\/obscom.intervozes.org.br\/index.php?rest_route=%2Fwp%2Fv2%2Fmedia&parent=25318"}],"wp:term":[{"taxonomy":"category","embeddable":true,"href":"https:\/\/obscom.intervozes.org.br\/index.php?rest_route=%2Fwp%2Fv2%2Fcategories&post=25318"},{"taxonomy":"post_tag","embeddable":true,"href":"https:\/\/obscom.intervozes.org.br\/index.php?rest_route=%2Fwp%2Fv2%2Ftags&post=25318"}],"curies":[{"name":"wp","href":"https:\/\/api.w.org\/{rel}","templated":true}]}}