{"id":25315,"date":"2011-02-07T21:06:20","date_gmt":"2011-02-07T21:06:20","guid":{"rendered":"https:\/\/obscom.intervozes.org.br\/wordpress\/?p=25315"},"modified":"2011-02-07T21:06:20","modified_gmt":"2011-02-07T21:06:20","slug":"coordenacao-criada-no-ministerio-das-comunicacoes-e-criticada-pela-abraco","status":"publish","type":"post","link":"https:\/\/obscom.intervozes.org.br\/?p=25315","title":{"rendered":"Coordena\u00e7\u00e3o criada no Minist\u00e9rio das Comunica\u00e7\u00f5es \u00e9 criticada pela Abra\u00e7o"},"content":{"rendered":"\n<p style=\"margin-bottom: 0cm\" class=\"padrao\">A Associa&ccedil;&atilde;o Brasileira de Radiodifus&atilde;o Comunit&aacute;ria (Abra&ccedil;o) acredita que a cria&ccedil;&atilde;o de uma coordena&ccedil;&atilde;o dedicada ao tema dentro do Minist&eacute;rio das Comunica&ccedil;&otilde;es (Minicom) ainda n&atilde;o &eacute; suficiente para lidar com a demanda do setor. A entidade, que esteve reunida com o ministro das Comunica&ccedil;&otilde;es, Paulo Bernardo, nesta segunda-feira (7) continua a defender a instala&ccedil;&atilde;o de uma subsecretaria para a &aacute;rea dentro do Minist&eacute;rio. <\/p>\n<p style=\"margin-bottom: 0cm\"> <\/p>\n<p style=\"margin-bottom: 0cm\" class=\"padrao\">A avalia&ccedil;&atilde;o do coordenador da Abra&ccedil;o, Jos&eacute; S&oacute;ter, &eacute; que a Coordena&ccedil;&atilde;o-Geral muda pouco a pol&iacute;tica para o setor. &ldquo;Uma subsecretaria tem mais for&ccedil;a, mais autonomia pol&iacute;tica&rdquo;, defende. Assim como a nova coordena&ccedil;&atilde;o criada, a subsecretaria tamb&eacute;m ficaria sob a tutela da Secretaria de Comunica&ccedil;&atilde;o Eletr&ocirc;nica, atualmente ocupada por Genildo Albuquerque.<\/p>\n<p style=\"margin-bottom: 0cm\"> <\/p>\n<p style=\"margin-bottom: 0cm\" class=\"padrao\">O Minist&eacute;rio j&aacute; contava com um departamento para as r&aacute;dios comunit&aacute;rias. Segundo o Minicom, a novidade da coordena&ccedil;&atilde;o criada seria que ela agilizaria os pedidos de habilita&ccedil;&atilde;o de novas r&aacute;dios, j&aacute; que hoje esse processo &eacute; feito por um mesmo departamento que tamb&eacute;m avalia as r&aacute;dios educativas e comerciais.  <\/p>\n<p style=\"margin-bottom: 0cm\"> <\/p>\n<p style=\"margin-bottom: 0cm\" class=\"padrao\">Al&eacute;m disso, a Coordena&ccedil;&atilde;o-Geral de R&aacute;dios Comunit&aacute;rias ter&aacute; dois departamentos. Um para formula&ccedil;&atilde;o de pol&iacute;ticas para o setor e outro apenas para acelerar o andamento dos processos de outorgas em tramita&ccedil;&atilde;o. Organiza&ccedil;&atilde;o administrativa essa que ainda n&atilde;o satisfez a Abra&ccedil;o, j&aacute; que n&atilde;o alteraria tanto o atual organograma do Minist&eacute;rio. &ldquo;O departamento (atual) ainda n&atilde;o resolveu nada&rdquo;, disse S&oacute;ter.  <\/p>\n<p style=\"margin-bottom: 0cm\"> <\/p>\n<p style=\"margin-bottom: 0cm\" class=\"padrao\"><strong>Coordenador<\/strong><\/p>\n<p style=\"margin-bottom: 0cm\"> <\/p>\n<p style=\"margin-bottom: 0cm\" class=\"padrao\">O nome mais cotado para assumir a Coordena&ccedil;&atilde;o-Geral de R&aacute;dios Comunit&aacute;rias &eacute; do atual chefe de gabinete da Presid&ecirc;ncia da Empresa Brasil de Comunica&ccedil;&atilde;o (EBC), Octavio Penna Pieranti. Antes desta fun&ccedil;&atilde;o, Octavio foi coordenador-geral de TV e Plataformas Digitais do Minist&eacute;rio da Cultura (MinC). Pelo MinC, ele foi membro da Comiss&atilde;o Organizadora Nacional da Confer&ecirc;ncia de Comunica&ccedil;&atilde;o, realizada no fim de 2009. A informa&ccedil;&atilde;o ainda n&atilde;o foi confirmada pelo Minist&eacute;rio.<\/p>\n<p style=\"margin-bottom: 0cm\"> <\/p>\n<p style=\"margin-bottom: 0cm\" class=\"padrao\">Jos&eacute; S&oacute;ter, da Abra&ccedil;o, afirmou que Octavio n&atilde;o tem rela&ccedil;&atilde;o com o movimento de r&aacute;dios comunit&aacute;rias. No entanto, n&atilde;o emitiu opini&atilde;o pr&eacute;via sobre o gestor. &ldquo;Se ele entrar e desenvolver um trabalho para resolver os problemas do movimento, n&atilde;o ter&aacute; problema. Se n&atilde;o fizer nada para mudar, com certeza ter&aacute; oposi&ccedil;&atilde;o da Abra&ccedil;o&rdquo;, ponderou S&oacute;ter.  <\/p>\n<p style=\"margin-bottom: 0cm\"> <\/p>\n<p style=\"margin-bottom: 0cm\" class=\"padrao\"><strong>Pauta<\/strong><\/p>\n<p style=\"margin-bottom: 0cm\"> <\/p>\n<p style=\"margin-bottom: 0cm\" class=\"padrao\">Na reuni&atilde;o com o ministro, a dire&ccedil;&atilde;o da Abra&ccedil;o apresentou um documento com 13 reivindica&ccedil;&otilde;es do movimento, constru&iacute;das pelos diretores durante o &uacute;ltimo congresso da Associa&ccedil;&atilde;o. Todas elas, segundo a entidade, dependeriam apenas de resolu&ccedil;&atilde;o do Minicom. O ministro Paulo Bernardo n&atilde;o emitiu opini&atilde;o sobre os pontos, mas garantiu que sua equipe vai trabalhar para dar as respostas &agrave;s solicita&ccedil;&otilde;es em 90 dias, quando ser&aacute; feita nova reuni&atilde;o com as organiza&ccedil;&otilde;es das r&aacute;dios comunit&aacute;rias.  <\/p>\n<p style=\"margin-bottom: 0cm\"> <\/p>\n<p style=\"margin-bottom: 0cm\" class=\"padrao\">Uma das solicita&ccedil;&otilde;es &eacute; que o Minist&eacute;rio n&atilde;o arquive mais sumariamente os pedidos de outorga de r&aacute;dios que j&aacute; funcionavam sem autoriza&ccedil;&atilde;o. Segundo S&oacute;ter, essa pol&iacute;tica adotada atualmente afeta diretamente as r&aacute;dios que tem um trabalho comunit&aacute;rio real, j&aacute; que muitas dessas n&atilde;o esperam o aval do governo &ndash; que &eacute; lento e pouco transparente &#8211; para iniciar as transmiss&otilde;es.<\/p>\n<p style=\"margin-bottom: 0cm\"> <\/p>\n<p style=\"margin-bottom: 0cm\" class=\"padrao\">O crit&eacute;rio usado pelo Minicom para comparar projetos de r&aacute;dios comunit&aacute;rias que disputam um mesmo canal em determinado espa&ccedil;o tamb&eacute;m precisa ser alterado, de acordo com a Abra&ccedil;o. Atualmente, um crit&eacute;rio que conta bastante &eacute; o n&uacute;mero de assinaturas que a entidade pleiteante consegue, por meio de abaixo-assinado, em apoio ao seu projeto. Segundo a Abra&ccedil;o, isso possibilita que algumas organiza&ccedil;&otilde;es n&atilde;o-comunit&aacute;rias consigam autoriza&ccedil;&atilde;o para suas r&aacute;dios se utilizando de coleta de assinaturas sem qualquer esclarecimento ao cidad&atilde;o. &ldquo;Isso n&atilde;o existe em lei. Defendemos que acabe com isso ou que n&atilde;o seja crit&eacute;rio priorit&aacute;rio&rdquo;, pede S&oacute;ter.  <\/p>\n<p style=\"margin-bottom: 0cm\"> <\/p>\n<p style=\"margin-bottom: 0cm\" class=\"padrao\">J&aacute; a revis&atilde;o da Lei 9.612\/98, que regula o servi&ccedil;o de radiodifus&atilde;o comunit&aacute;ria, foi pouco tratada na reuni&atilde;o da Abra&ccedil;o com Paulo Bernardo. A Associa&ccedil;&atilde;o acredita que o novo marco regulat&oacute;rio trate da revis&atilde;o de tal lei e, quando esse debate acontecer, espera fazer suas contribui&ccedil;&otilde;es. Para v&aacute;rios especialistas e militantes da &aacute;rea, a lei em quest&atilde;o &eacute; um dos principais empecilhos para a amplia&ccedil;&atilde;o e qualifica&ccedil;&atilde;o das r&aacute;dios comunit&aacute;rias no pa&iacute;s.  <\/p>\n<p style=\"margin-bottom: 0cm\"> <\/p>\n<p style=\"margin-bottom: 0cm\" class=\"padrao\">De fato &eacute; bem prov&aacute;vel que o assunto esteja presente no novo marco regulat&oacute;rio. Mas uma confirma&ccedil;&atilde;o deve ocorrer apenas quando a proposta de projeto do governo vier &agrave; tona. Segundo Ta&iacute;s Ladeira, que tamb&eacute;m esteve reunida com Paulo Bernardo nesta segunda-feira (7) representando a Associa&ccedil;&atilde;o Mundial de R&aacute;dios Comunit&aacute;rias (Amarc), o ministro afirmou que este m&ecirc;s a discuss&atilde;o ainda circular&aacute; apenas dentro do Poder Executivo. J&aacute; a partir de mar&ccedil;o, a promessa &eacute; que o projeto entre em consulta p&uacute;blica e fique por dois meses para contribui&ccedil;&otilde;es gerais.<\/p>\n<p style=\"margin-bottom: 0cm\"> <\/p>\n<p style=\"margin-bottom: 0cm\" class=\"padrao\">A coordenadora do Programa de Legisla&ccedil;&atilde;o e Direito &agrave; Comunica&ccedil;&atilde;o da Amarc fez uma avalia&ccedil;&atilde;o positiva da conversa com o ministro. A Associa&ccedil;&atilde;o apresentou suas propostas de mudan&ccedil;as legais feitas a partir da realidade do pa&iacute;s e tamb&eacute;m de outros pa&iacute;ses. Ela ficou com a responsabilidade de apresentar um estudo comparado &#8211; a pedido do Minicom &#8211; da situa&ccedil;&atilde;o das r&aacute;dios comunit&aacute;rias brasileiras com as da Argentina.  <\/p>\n<p style=\"margin-bottom: 0cm\"> <\/p>\n<p style=\"margin-bottom: 0cm\" class=\"padrao\">&ldquo;Ele foi muito receptivo ao que dissemos. &Eacute; gratificante ver que o Minist&eacute;rio saiu do patamar de balc&atilde;o de neg&oacute;cios para um de formulador. Se a gente (movimentos da &aacute;rea) conseguir sair do patamar do confronto para o di&aacute;logo propositivo, podemos ter algum avan&ccedil;o &rdquo;, avaliou Ta&iacute;s Ladeira. As reuni&otilde;es da Amarc e da Abra&ccedil;o com o ministro aconteceram separadamente.  <\/p>\n<p style=\"margin-bottom: 0cm\"> <\/p>\n<p style=\"margin-bottom: 0cm\" class=\"padrao\">Apesar de tamb&eacute;m ver avan&ccedil;os na rela&ccedil;&atilde;o com o governo (foi a primeira reuni&atilde;o da Abra&ccedil;o com o Minicom da hist&oacute;ria), S&oacute;ter tem avalia&ccedil;&atilde;o menos otimista. &ldquo;A vers&atilde;o que ainda est&aacute; impregnada no Minicom &eacute; que as r&aacute;dios s&atilde;o picaretas, n&atilde;o s&atilde;o comunit&aacute;ras&rdquo;, opina. Para o coordenador da Associa&ccedil;&atilde;o, ainda &eacute; preciso quebrar esse preconceito existente e fazer com que o Minist&eacute;rio compreenda que muitos desses problemas adv&eacute;m de erros pol&iacute;ticos do pr&oacute;prio governo.<\/p>\n","protected":false},"excerpt":{"rendered":"<p>A Associa&ccedil;&atilde;o Brasileira de Radiodifus&atilde;o Comunit&aacute;ria (Abra&ccedil;o) insiste na cria&ccedil;&atilde;o de uma subsecretaria para o setor no Minist&eacute;rio das Comunica&ccedil;&otilde;es<\/p>\n","protected":false},"author":1,"featured_media":0,"comment_status":"open","ping_status":"open","sticky":false,"template":"","format":"standard","meta":{"footnotes":""},"categories":[40],"tags":[200],"_links":{"self":[{"href":"https:\/\/obscom.intervozes.org.br\/index.php?rest_route=\/wp\/v2\/posts\/25315"}],"collection":[{"href":"https:\/\/obscom.intervozes.org.br\/index.php?rest_route=\/wp\/v2\/posts"}],"about":[{"href":"https:\/\/obscom.intervozes.org.br\/index.php?rest_route=\/wp\/v2\/types\/post"}],"author":[{"embeddable":true,"href":"https:\/\/obscom.intervozes.org.br\/index.php?rest_route=\/wp\/v2\/users\/1"}],"replies":[{"embeddable":true,"href":"https:\/\/obscom.intervozes.org.br\/index.php?rest_route=%2Fwp%2Fv2%2Fcomments&post=25315"}],"version-history":[{"count":0,"href":"https:\/\/obscom.intervozes.org.br\/index.php?rest_route=\/wp\/v2\/posts\/25315\/revisions"}],"wp:attachment":[{"href":"https:\/\/obscom.intervozes.org.br\/index.php?rest_route=%2Fwp%2Fv2%2Fmedia&parent=25315"}],"wp:term":[{"taxonomy":"category","embeddable":true,"href":"https:\/\/obscom.intervozes.org.br\/index.php?rest_route=%2Fwp%2Fv2%2Fcategories&post=25315"},{"taxonomy":"post_tag","embeddable":true,"href":"https:\/\/obscom.intervozes.org.br\/index.php?rest_route=%2Fwp%2Fv2%2Ftags&post=25315"}],"curies":[{"name":"wp","href":"https:\/\/api.w.org\/{rel}","templated":true}]}}