{"id":25304,"date":"2011-02-03T15:36:24","date_gmt":"2011-02-03T15:36:24","guid":{"rendered":"https:\/\/obscom.intervozes.org.br\/wordpress\/?p=25304"},"modified":"2011-02-03T15:36:24","modified_gmt":"2011-02-03T15:36:24","slug":"secretaria-de-comunicacao-do-minicom-quer-diminuir-burocracia-para-poder-formular-politicas","status":"publish","type":"post","link":"https:\/\/obscom.intervozes.org.br\/?p=25304","title":{"rendered":"Secretaria de comunica\u00e7\u00e3o do Minicom quer diminuir burocracia para poder formular pol\u00edticas"},"content":{"rendered":"<p><span class=\"padrao\">O novo secret&aacute;rio de comunica&ccedil;&atilde;o eletr&ocirc;nica do Minist&eacute;rio das Comunica&ccedil;&otilde;es, Genildo Lins de Albuquerque Neto, estabeleceu uma prioridade central para sua gest&atilde;o. &quot;Precisamos modernizar e agilizar todos os nossos processos internos. &Eacute; isso que far&aacute; com que n&atilde;o sejamos apenas um cart&oacute;rio, como &eacute; hoje, e possamos nos dedicar tamb&eacute;m &agrave; formula&ccedil;&atilde;o de pol&iacute;ticas&quot;, disse o novo secret&aacute;rio a este notici&aacute;rio. Albuquerque tem duas metas tra&ccedil;adas: uma de curto prazo, que &eacute; eliminar redund&acirc;ncias e etapas desnecess&aacute;rias nos procedimentos que hoje s&atilde;o seguidos pela secretaria na an&aacute;lise dos milhares de pedidos e processos. Nesse caso, existe uma data interna de trabalho at&eacute; 31 de mar&ccedil;o para que sejam apresentados os primeiros estudos do que pode ser melhorado, e como. &quot;A implementa&ccedil;&atilde;o desses novos procedimentos deve acontecer at&eacute; maio, e se tudo correr bem, no segundo semestre podemos ter de forma mais clara as demandas e retomar as atividades de outorgas&quot;, diz o secret&aacute;rio. At&eacute; l&aacute;, tudo deve ficar suspenso, explica, &quot;para n&atilde;o aumentar a fila&quot;.<\/p>\n<p>A segunda etapa &eacute; bem mais complexa e envolve digitalizar os processos internos, torn&aacute;-los acess&iacute;veis para os interessados pela Internet e eliminar a burocracia em papel. Esse trabalho deve levar pelo menos os quatro anos do governo Dilma Rousseff. &quot;Espero pelo menos colocar a semente desse novo projeto&quot;. Genildo Albuquerque teve uma experi&ecirc;ncia semelhante quando atuava no Minist&eacute;rio do Planejamento, que foi a informatiza&ccedil;&atilde;o dos processos de conv&ecirc;nios entre o Governo Federal e as prefeituras. &quot;L&aacute;, levou dois anos, mas o Minist&eacute;rio do Planejamento tinha muito mais recursos do que aqui&quot;. O resultado, diz, foi a elimina&ccedil;&atilde;o quase que completa de todo o fluxo de papel. &quot;N&atilde;o pretendemos que a burocracia seja substitu&iacute;da por c&oacute;pias escaneadas de documentos. Teremos que mudar toda a estrutura de tramita&ccedil;&atilde;o dos pedidos&quot;. Uma das dificuldades dessa informatiza&ccedil;&atilde;o, diz Genildo Albuquerque, &eacute; a integra&ccedil;&atilde;o entre os processos de outorgas e as demandas p&oacute;s-outorgas. Outro problema &eacute; em rela&ccedil;&atilde;o ao acesso p&uacute;blico. &quot;Quanto mais aberto forem esses processos na Internet, mais seguran&ccedil;a precisaremos colocar, estabelecer hierarquias, e tudo isso consome tempo. Por isso n&atilde;o posso dizer que tudo estar&aacute; aberto ao p&uacute;blico imediatamente&quot;.<\/p>\n<p>Ele diz que hoje o minist&eacute;rio n&atilde;o consegue manter um registro preciso de quantos pedidos de todas as naturezas est&atilde;o sendo analisados ou do tempo que eles levam para ser processados. Estes pedidos v&atilde;o desde a solicita&ccedil;&atilde;o de outorgas at&eacute; altera&ccedil;&otilde;es t&eacute;cnicas, societ&aacute;rias e contratuais, sem falar no processamento dos editais de outorga e nos processos sancionat&oacute;rios.<\/p>\n<p><strong>Sem mudan&ccedil;a nas outorgas<\/strong><\/p>\n<p>A nova secretaria de comunica&ccedil;&atilde;o eletr&ocirc;nica do Minicom comemora a transfer&ecirc;ncia total das fun&ccedil;&otilde;es fiscalizat&oacute;rias e sancionat&oacute;rias para a Anatel como uma forma de desafogar os trabalhos internos. &quot;Nas quest&otilde;es t&eacute;cnicas, isso est&aacute; previsto em lei. A mudan&ccedil;a &eacute; uma forma de fazer a lei ser cumprida mais rapidamente&quot;, diz. Mas o novo secret&aacute;rio recha&ccedil;a veementemente qualquer hip&oacute;tese de altera&ccedil;&atilde;o do papel de outorga de radiodifus&atilde;o, especificamente uma transfer&ecirc;ncia dessa fun&ccedil;&atilde;o para a Anatel. &quot;Quem faz a an&aacute;lise e concede outorgas &eacute; o Minist&eacute;rio das Comunica&ccedil;&otilde;es e isso est&aacute; expresso na legisla&ccedil;&atilde;o. N&atilde;o pretendemos mudar&quot;, diz Genildo Albuquerque, deixando claro que se essa discuss&atilde;o acontecer ser&aacute; no &acirc;mbito do debate de um novo marco legal das comunica&ccedil;&otilde;es. &quot;Nada disso ainda est&aacute; sendo tratado agora&quot;, diz.<\/p>\n<p><strong>Problemas futuros<\/strong><\/p>\n<p>Genildo Albuquerque reconhece que hoje o Minist&eacute;rio das Comunica&ccedil;&otilde;es tem pouco conhecimento econ&ocirc;mico sobre o setor de radiodifus&atilde;o. Ele se refere &agrave;s rela&ccedil;&otilde;es entre as empresas (por exemplo, contratos de afilia&ccedil;&atilde;o), bem como dados sobre empregos, faturamento e programa&ccedil;&atilde;o das emissoras de TV. Uma parte destas informa&ccedil;&otilde;es, sobretudo as de natureza geogr&aacute;fica e contratual, diz o secret&aacute;rio, pode ser conseguida quando tudo estiver informatizado, mas um acompanhamento mais minucioso seria imposs&iacute;vel agora e, se for feito, &eacute; uma meta de longo prazo, explica.<\/p>\n<p>Sobre as constantes demandas que chegam na secretaria de comunica&ccedil;&atilde;o eletr&ocirc;nica, sobretudo de parlamentares, o secret&aacute;rio diz acreditar que elas diminuir&atilde;o quando a tramita&ccedil;&atilde;o for automatizada e &aacute;gil. &quot;Hoje existem demandas que deixar&atilde;o de fazer sentido nesse novo cen&aacute;rio&quot;, explica Samuel Possebon. <br \/><\/span><\/p>\n","protected":false},"excerpt":{"rendered":"<p>O novo secret&aacute;rio de comunica&ccedil;&atilde;o eletr&ocirc;nica do Minist&eacute;rio das Comunica&ccedil;&otilde;es, Genildo Lins de Albuquerque Neto, estabeleceu uma prioridade central para sua gest&atilde;o. &quot;Precisamos modernizar e agilizar todos os nossos processos internos. &Eacute; isso que far&aacute; com que n&atilde;o sejamos apenas um cart&oacute;rio, como &eacute; hoje, e possamos nos dedicar tamb&eacute;m &agrave; formula&ccedil;&atilde;o de pol&iacute;ticas&quot;, disse &hellip; <a href=\"https:\/\/obscom.intervozes.org.br\/?p=25304\" class=\"more-link\">Continue lendo <span class=\"screen-reader-text\">Secretaria de comunica\u00e7\u00e3o do Minicom quer diminuir burocracia para poder formular pol\u00edticas<\/span> <span class=\"meta-nav\">&rarr;<\/span><\/a><\/p>\n","protected":false},"author":1,"featured_media":0,"comment_status":"open","ping_status":"open","sticky":false,"template":"","format":"standard","meta":{"footnotes":""},"categories":[40],"tags":[1357],"_links":{"self":[{"href":"https:\/\/obscom.intervozes.org.br\/index.php?rest_route=\/wp\/v2\/posts\/25304"}],"collection":[{"href":"https:\/\/obscom.intervozes.org.br\/index.php?rest_route=\/wp\/v2\/posts"}],"about":[{"href":"https:\/\/obscom.intervozes.org.br\/index.php?rest_route=\/wp\/v2\/types\/post"}],"author":[{"embeddable":true,"href":"https:\/\/obscom.intervozes.org.br\/index.php?rest_route=\/wp\/v2\/users\/1"}],"replies":[{"embeddable":true,"href":"https:\/\/obscom.intervozes.org.br\/index.php?rest_route=%2Fwp%2Fv2%2Fcomments&post=25304"}],"version-history":[{"count":0,"href":"https:\/\/obscom.intervozes.org.br\/index.php?rest_route=\/wp\/v2\/posts\/25304\/revisions"}],"wp:attachment":[{"href":"https:\/\/obscom.intervozes.org.br\/index.php?rest_route=%2Fwp%2Fv2%2Fmedia&parent=25304"}],"wp:term":[{"taxonomy":"category","embeddable":true,"href":"https:\/\/obscom.intervozes.org.br\/index.php?rest_route=%2Fwp%2Fv2%2Fcategories&post=25304"},{"taxonomy":"post_tag","embeddable":true,"href":"https:\/\/obscom.intervozes.org.br\/index.php?rest_route=%2Fwp%2Fv2%2Ftags&post=25304"}],"curies":[{"name":"wp","href":"https:\/\/api.w.org\/{rel}","templated":true}]}}