{"id":25301,"date":"2011-02-02T17:34:03","date_gmt":"2011-02-02T17:34:03","guid":{"rendered":"https:\/\/obscom.intervozes.org.br\/wordpress\/?p=25301"},"modified":"2011-02-02T17:34:03","modified_gmt":"2011-02-02T17:34:03","slug":"so-esquerda-lancado-site-para-ajudar-comunicadores-da-midia-alternativa","status":"publish","type":"post","link":"https:\/\/obscom.intervozes.org.br\/?p=25301","title":{"rendered":"S\u00f3 Esquerda: Lan\u00e7ado site para ajudar comunicadores da m\u00eddia alternativa"},"content":{"rendered":"\n<p style=\"margin-bottom: 0cm\"><span class=\"padrao\">Com o intuito de organizar informa&ccedil;&otilde;es de diversas fontes de informa&ccedil;&atilde;o do campo da esquerda, foi rec&eacute;m-lan&ccedil;ado o site <a href=\"http:\/\/www.soesquerda.com.br\/\" target=\"_blank\">www.soesquerda.com.br<\/a>. Segundo explica o pr&oacute;prio site, ele &eacute; uma porta de entrada para a internet, que re&uacute;ne os principais sites, blogs e portais da esquerda brasileira. <\/p>\n<p><\/span> <\/p>\n<p style=\"margin-bottom: 0cm\"><span class=\"padrao\">O site foi desenvolvido pelo jornalista e integrante do Intervozes &ndash; Coletivo Brasil de Comunica&ccedil;&atilde;o Social Arthur William a partir de uma ideia surgida no 1&deg; F&oacute;rum de M&iacute;dia Livre, em 2008. A ferramenta foi constru&iacute;da utilizando softwares livres, como WordPress, Mozilla Firefox, Ubuntu Linux e Gimp.<\/p>\n<p><\/span> <\/p>\n<p style=\"margin-bottom: 0cm\" class=\"padrao\">Como o conceito de esquerda &eacute; amplo, o crit&eacute;rio que o site utiliza &eacute; o da autodeclara&ccedil;&atilde;o.<\/p>\n","protected":false},"excerpt":{"rendered":"<p>Com o intuito de organizar informa&ccedil;&otilde;es de diversas fontes de informa&ccedil;&atilde;o do campo da esquerda, foi rec&eacute;m-lan&ccedil;ado o site www.soesquerda.com.br. Segundo explica o pr&oacute;prio site, ele &eacute; uma porta de entrada para a internet, que re&uacute;ne os principais sites, blogs e portais da esquerda brasileira. O site foi desenvolvido pelo jornalista e integrante do Intervozes &hellip; <a href=\"https:\/\/obscom.intervozes.org.br\/?p=25301\" class=\"more-link\">Continue lendo <span class=\"screen-reader-text\">S\u00f3 Esquerda: Lan\u00e7ado site para ajudar comunicadores da m\u00eddia alternativa<\/span> <span class=\"meta-nav\">&rarr;<\/span><\/a><\/p>\n","protected":false},"author":1,"featured_media":0,"comment_status":"open","ping_status":"open","sticky":false,"template":"","format":"standard","meta":{"footnotes":""},"categories":[39],"tags":[],"_links":{"self":[{"href":"https:\/\/obscom.intervozes.org.br\/index.php?rest_route=\/wp\/v2\/posts\/25301"}],"collection":[{"href":"https:\/\/obscom.intervozes.org.br\/index.php?rest_route=\/wp\/v2\/posts"}],"about":[{"href":"https:\/\/obscom.intervozes.org.br\/index.php?rest_route=\/wp\/v2\/types\/post"}],"author":[{"embeddable":true,"href":"https:\/\/obscom.intervozes.org.br\/index.php?rest_route=\/wp\/v2\/users\/1"}],"replies":[{"embeddable":true,"href":"https:\/\/obscom.intervozes.org.br\/index.php?rest_route=%2Fwp%2Fv2%2Fcomments&post=25301"}],"version-history":[{"count":0,"href":"https:\/\/obscom.intervozes.org.br\/index.php?rest_route=\/wp\/v2\/posts\/25301\/revisions"}],"wp:attachment":[{"href":"https:\/\/obscom.intervozes.org.br\/index.php?rest_route=%2Fwp%2Fv2%2Fmedia&parent=25301"}],"wp:term":[{"taxonomy":"category","embeddable":true,"href":"https:\/\/obscom.intervozes.org.br\/index.php?rest_route=%2Fwp%2Fv2%2Fcategories&post=25301"},{"taxonomy":"post_tag","embeddable":true,"href":"https:\/\/obscom.intervozes.org.br\/index.php?rest_route=%2Fwp%2Fv2%2Ftags&post=25301"}],"curies":[{"name":"wp","href":"https:\/\/api.w.org\/{rel}","templated":true}]}}