{"id":25299,"date":"2011-02-02T15:52:55","date_gmt":"2011-02-02T15:52:55","guid":{"rendered":"https:\/\/obscom.intervozes.org.br\/wordpress\/?p=25299"},"modified":"2011-02-02T15:52:55","modified_gmt":"2011-02-02T15:52:55","slug":"fujimoto-e-oficializado-na-secretaria-de-telecomunicacoes","status":"publish","type":"post","link":"https:\/\/obscom.intervozes.org.br\/?p=25299","title":{"rendered":"Fujimoto \u00e9 oficializado na Secretaria de Telecomunica\u00e7\u00f5es"},"content":{"rendered":"<p><span class=\"padrao\"><strong>Rea&ccedil;&atilde;o &#8211; Teletime<\/strong><\/p>\n<p>Nelson Fujimoto foi oficializado na Secretaria de Telecomunica&ccedil;&otilde;es do Minist&eacute;rio das Comunica&ccedil;&otilde;es. A nomea&ccedil;&atilde;o foi publicada na edi&ccedil;&atilde;o desta quarta-feira (2) do Di&aacute;rio Oficial da Uni&atilde;o. A nomea&ccedil;&atilde;o da sua equipe, entretanto, depende das altera&ccedil;&otilde;es na secretaria, que ainda dependem de decreto presidencial.<\/p>\n<p>Na Anatel tamb&eacute;m houve mudan&ccedil;as: o ex-superintendente interino de Servi&ccedil;os P&uacute;blicos, Fernando P&aacute;dua foi para a Telebr&aacute;s, onde ocupar&aacute; a ger&ecirc;ncia de Gest&atilde;o de Clientes da Diretoria Comercial. E o ex-diretor do Departamento de Servi&ccedil;os de Universaliza&ccedil;&atilde;o do Minicom, vai ocupar um cargo comissionado na ag&ecirc;ncia.(Da reda&ccedil;&atilde;o)<\/span><\/p>\n","protected":false},"excerpt":{"rendered":"<p>Rea&ccedil;&atilde;o &#8211; Teletime Nelson Fujimoto foi oficializado na Secretaria de Telecomunica&ccedil;&otilde;es do Minist&eacute;rio das Comunica&ccedil;&otilde;es. A nomea&ccedil;&atilde;o foi publicada na edi&ccedil;&atilde;o desta quarta-feira (2) do Di&aacute;rio Oficial da Uni&atilde;o. A nomea&ccedil;&atilde;o da sua equipe, entretanto, depende das altera&ccedil;&otilde;es na secretaria, que ainda dependem de decreto presidencial. Na Anatel tamb&eacute;m houve mudan&ccedil;as: o ex-superintendente interino de &hellip; <a href=\"https:\/\/obscom.intervozes.org.br\/?p=25299\" class=\"more-link\">Continue lendo <span class=\"screen-reader-text\">Fujimoto \u00e9 oficializado na Secretaria de Telecomunica\u00e7\u00f5es<\/span> <span class=\"meta-nav\">&rarr;<\/span><\/a><\/p>\n","protected":false},"author":1,"featured_media":0,"comment_status":"open","ping_status":"open","sticky":false,"template":"","format":"standard","meta":{"footnotes":""},"categories":[39],"tags":[],"_links":{"self":[{"href":"https:\/\/obscom.intervozes.org.br\/index.php?rest_route=\/wp\/v2\/posts\/25299"}],"collection":[{"href":"https:\/\/obscom.intervozes.org.br\/index.php?rest_route=\/wp\/v2\/posts"}],"about":[{"href":"https:\/\/obscom.intervozes.org.br\/index.php?rest_route=\/wp\/v2\/types\/post"}],"author":[{"embeddable":true,"href":"https:\/\/obscom.intervozes.org.br\/index.php?rest_route=\/wp\/v2\/users\/1"}],"replies":[{"embeddable":true,"href":"https:\/\/obscom.intervozes.org.br\/index.php?rest_route=%2Fwp%2Fv2%2Fcomments&post=25299"}],"version-history":[{"count":0,"href":"https:\/\/obscom.intervozes.org.br\/index.php?rest_route=\/wp\/v2\/posts\/25299\/revisions"}],"wp:attachment":[{"href":"https:\/\/obscom.intervozes.org.br\/index.php?rest_route=%2Fwp%2Fv2%2Fmedia&parent=25299"}],"wp:term":[{"taxonomy":"category","embeddable":true,"href":"https:\/\/obscom.intervozes.org.br\/index.php?rest_route=%2Fwp%2Fv2%2Fcategories&post=25299"},{"taxonomy":"post_tag","embeddable":true,"href":"https:\/\/obscom.intervozes.org.br\/index.php?rest_route=%2Fwp%2Fv2%2Ftags&post=25299"}],"curies":[{"name":"wp","href":"https:\/\/api.w.org\/{rel}","templated":true}]}}