{"id":25298,"date":"2011-02-02T15:37:20","date_gmt":"2011-02-02T15:37:20","guid":{"rendered":"https:\/\/obscom.intervozes.org.br\/wordpress\/?p=25298"},"modified":"2011-02-02T15:37:20","modified_gmt":"2011-02-02T15:37:20","slug":"brasil-e-argentina-firmam-acordo-de-cooperacao-na-area-de-comunicacao","status":"publish","type":"post","link":"https:\/\/obscom.intervozes.org.br\/?p=25298","title":{"rendered":"Brasil e Argentina firmam acordo de coopera\u00e7\u00e3o na \u00e1rea de comunica\u00e7\u00e3o"},"content":{"rendered":"<p><span class=\"padrao\">O ministro das Comunica&ccedil;&otilde;es Paulo Bernardo, aproveitando a comitiva presidencial brasileira &agrave; Argentina, celebrou com as autoridades daquele pa&iacute;s um acordo de coopera&ccedil;&atilde;o internacional na &aacute;rea de banda larga e no interc&acirc;mbio de informa&ccedil;&otilde;es regulat&oacute;rias. Trata-se do Plano de A&ccedil;&otilde;es Conjuntas com o governo argentino que visa a aproxima&ccedil;&atilde;o entre o Plano Nacional de Banda Larga brasileiro e o Plano Nacional de Telecomunica&ccedil;&otilde;es Argentina Conectada. Recentemente, a Argentina passou tamb&eacute;m por experi&ecirc;ncias importantes para desenvolver um marco regulat&oacute;rio para as comunica&ccedil;&otilde;es. Ainda que o conv&ecirc;nio n&atilde;o trate desse tema, o acordo trata dos seguintes t&oacute;picos:<\/p>\n<p><strong>Interconex&atilde;o<\/strong> &ndash; trocar experi&ecirc;ncias com planos de fibra &oacute;tica a cargo dos operadores nacionais de ambos os pa&iacute;ses com incumb&ecirc;ncia de desenvolver redes estatais; incorporar aos projetos regionais de integra&ccedil;&atilde;o f&iacute;sica entre os dois pa&iacute;ses a implanta&ccedil;&atilde;o de dutos para a passagem de cabos e fibra &oacute;tica; coordenar esfor&ccedil;os no projeto de transposi&ccedil;&atilde;o de cabo &oacute;ptico do Oceano Atl&acirc;ntico; implementar Ponto de Troca de Tr&aacute;fego na regi&atilde;o da fronteira at&eacute; 2013.<\/p>\n<p><strong>Regula&ccedil;&atilde;o <\/strong>&ndash; trocar informa&ccedil;&otilde;es em mat&eacute;ria de legisla&ccedil;&atilde;o, normas jur&iacute;dicas e t&eacute;cnicas sobre espectro e padroniza&ccedil;&atilde;o das comunica&ccedil;&otilde;es nos dois pa&iacute;ses.<\/p>\n<p><strong>Pol&iacute;tica Industrial<\/strong> &ndash; estabelecer associa&ccedil;&atilde;o estrat&eacute;gica na produ&ccedil;&atilde;o de equipamentos e trocar informa&ccedil;&otilde;es sobre programas e pol&iacute;ticas na &aacute;rea industrial que visem tornar acess&iacute;veis aos cidad&atilde;os brasileiros e argentinos equipamentos de acesso &agrave; internet. Envidar esfor&ccedil;os no sentido de interconectar a ARSAT e a TELEBR&Aacute;S, as duas estatais argentina e brasileira.<\/p>\n<p><strong>Inclus&atilde;o Digital<\/strong> &ndash; intercambio de experi&ecirc;ncias exitosas na &aacute;rea de inclus&atilde;o digital nos dois pa&iacute;ses.<\/p>\n<p><strong>Conte&uacute;dos Digitais Interativos<\/strong> &ndash; trocar experi&ecirc;ncias de plataformas e ferramentas na &aacute;rea de tecnologia da informa&ccedil;&atilde;o, al&eacute;m de, entre outros, desenvolver a produ&ccedil;&atilde;o conjunta de conte&uacute;dos digitais e interativos; instalar centros de armazenamento e processamento de dados como forma de internalizar o tr&aacute;fego de dados em seus territ&oacute;rios.<\/p>\n<p><strong>Concerta&ccedil;&atilde;o Pol&iacute;tica<\/strong> &ndash; Participar de forma coordenada nos f&oacute;runs internacionais sobre sociedade da informa&ccedil;&atilde;o, em especial nos temas relativos &agrave; governan&ccedil;a na internet.<\/p>\n<p><strong>Pesquisa<\/strong> &#8211; buscar coordena&ccedil;&atilde;o entre as institui&ccedil;&otilde;es de capacita&ccedil;&atilde;o na &aacute;rea de telecomunica&ccedil;&otilde;es e interconectar as redes de pesquisa e desenvolvimento.<\/p>\n<p><strong>Financiamento<\/strong> &ndash; trabalhar coordenadamente na defini&ccedil;&atilde;o de mecanismos de financiamento e acesso a cr&eacute;dito para projetos estrat&eacute;gicos na &aacute;rea, sejam p&uacute;blicos ou privados.<\/span><\/p>\n","protected":false},"excerpt":{"rendered":"<p>O ministro das Comunica&ccedil;&otilde;es Paulo Bernardo, aproveitando a comitiva presidencial brasileira &agrave; Argentina, celebrou com as autoridades daquele pa&iacute;s um acordo de coopera&ccedil;&atilde;o internacional na &aacute;rea de banda larga e no interc&acirc;mbio de informa&ccedil;&otilde;es regulat&oacute;rias. Trata-se do Plano de A&ccedil;&otilde;es Conjuntas com o governo argentino que visa a aproxima&ccedil;&atilde;o entre o Plano Nacional de Banda &hellip; <a href=\"https:\/\/obscom.intervozes.org.br\/?p=25298\" class=\"more-link\">Continue lendo <span class=\"screen-reader-text\">Brasil e Argentina firmam acordo de coopera\u00e7\u00e3o na \u00e1rea de comunica\u00e7\u00e3o<\/span> <span class=\"meta-nav\">&rarr;<\/span><\/a><\/p>\n","protected":false},"author":1,"featured_media":0,"comment_status":"open","ping_status":"open","sticky":false,"template":"","format":"standard","meta":{"footnotes":""},"categories":[40],"tags":[1483],"_links":{"self":[{"href":"https:\/\/obscom.intervozes.org.br\/index.php?rest_route=\/wp\/v2\/posts\/25298"}],"collection":[{"href":"https:\/\/obscom.intervozes.org.br\/index.php?rest_route=\/wp\/v2\/posts"}],"about":[{"href":"https:\/\/obscom.intervozes.org.br\/index.php?rest_route=\/wp\/v2\/types\/post"}],"author":[{"embeddable":true,"href":"https:\/\/obscom.intervozes.org.br\/index.php?rest_route=\/wp\/v2\/users\/1"}],"replies":[{"embeddable":true,"href":"https:\/\/obscom.intervozes.org.br\/index.php?rest_route=%2Fwp%2Fv2%2Fcomments&post=25298"}],"version-history":[{"count":0,"href":"https:\/\/obscom.intervozes.org.br\/index.php?rest_route=\/wp\/v2\/posts\/25298\/revisions"}],"wp:attachment":[{"href":"https:\/\/obscom.intervozes.org.br\/index.php?rest_route=%2Fwp%2Fv2%2Fmedia&parent=25298"}],"wp:term":[{"taxonomy":"category","embeddable":true,"href":"https:\/\/obscom.intervozes.org.br\/index.php?rest_route=%2Fwp%2Fv2%2Fcategories&post=25298"},{"taxonomy":"post_tag","embeddable":true,"href":"https:\/\/obscom.intervozes.org.br\/index.php?rest_route=%2Fwp%2Fv2%2Ftags&post=25298"}],"curies":[{"name":"wp","href":"https:\/\/api.w.org\/{rel}","templated":true}]}}