{"id":25297,"date":"2011-02-01T16:42:29","date_gmt":"2011-02-01T16:42:29","guid":{"rendered":"https:\/\/obscom.intervozes.org.br\/wordpress\/?p=25297"},"modified":"2011-02-01T16:42:29","modified_gmt":"2011-02-01T16:42:29","slug":"mais-de-10-mil-sancoes-contra-emissoras-de-radio-e-tv-estavam-paradas-no-ministerio-das-comunicacoes","status":"publish","type":"post","link":"https:\/\/obscom.intervozes.org.br\/?p=25297","title":{"rendered":"Mais de 10 mil san\u00e7\u00f5es contra emissoras de r\u00e1dio e TV estavam paradas no Minist\u00e9rio das Comunica\u00e7\u00f5es"},"content":{"rendered":"<p><span class=\"padrao\">A Anatel receber&aacute; de volta, depois da decis&atilde;o do ministro das Comunica&ccedil;&otilde;es, Paulo Bernardo, de resgatar o papel fiscalizador e sancionat&oacute;rio da ag&ecirc;ncia, mais de 10 mil processos de san&ccedil;&atilde;o contra emissoras de r&aacute;dio e TV que estavam parados no Minicom desde 2006.<\/p>\n<p>Segundo o superintendente de Fiscaliza&ccedil;&atilde;o da ag&ecirc;ncia, Edilson Ribeiro dos Santos, entre os anos de 97 a 2006 a ag&ecirc;ncia tinha o papel de fiscalizar tecnicamente as emissoras de radiodifus&atilde;o e tamb&eacute;m tinha o papel de aplicar as penas caso encontrasse irregularidades t&eacute;cnicas, iniciativa que foi questionada pelo ex-ministro das Comunica&ccedil;&otilde;es, H&eacute;lio Costa.<\/p>\n<p>Assim, a partir de 2006, a fiscaliza&ccedil;&atilde;o da ag&ecirc;ncia continuava a abrir os processos sancionat&oacute;rios (conhecidos como Pados) mas enviava a documenta&ccedil;&atilde;o para o Minist&eacute;rio das Comunica&ccedil;&otilde;es aplicar as multas ou demais penalidades previstas na legisla&ccedil;&atilde;o.<\/p>\n<p>Esta interpreta&ccedil;&atilde;o do papel do Minicom foi questionada pela procuradoria t&eacute;cnica da ag&ecirc;ncia e, em 2009, o Superior Tribunal de Justi&ccedil;a (STJ) deu ganho de causa &agrave; Anatel. O Minicom ainda tentou recorrer &agrave; AGU (Advocacia Geral da Uni&atilde;o), recurso que foi anulado pelo atual ministro, que mandou de volta para a Anatel todos os processos que estavam l&aacute; parados. Segundo Santos, s&atilde;o mais de 10 mil processos de todos os tipos &#8211; desde multas de pequeno valor &#8211; at&eacute; san&ccedil;&otilde;es mais duras. O superintendente ressaltou que a ag&ecirc;ncia come&ccedil;a a aplicar as penalidades, mas que os radiodifusores ter&atilde;o todo o direito de ampla defesa e contradit&oacute;rio.<\/span><\/p>\n<p>&nbsp;<\/p>\n","protected":false},"excerpt":{"rendered":"<p>A Anatel receber&aacute; de volta, depois da decis&atilde;o do ministro das Comunica&ccedil;&otilde;es, Paulo Bernardo, de resgatar o papel fiscalizador e sancionat&oacute;rio da ag&ecirc;ncia, mais de 10 mil processos de san&ccedil;&atilde;o contra emissoras de r&aacute;dio e TV que estavam parados no Minicom desde 2006. Segundo o superintendente de Fiscaliza&ccedil;&atilde;o da ag&ecirc;ncia, Edilson Ribeiro dos Santos, entre &hellip; <a href=\"https:\/\/obscom.intervozes.org.br\/?p=25297\" class=\"more-link\">Continue lendo <span class=\"screen-reader-text\">Mais de 10 mil san\u00e7\u00f5es contra emissoras de r\u00e1dio e TV estavam paradas no Minist\u00e9rio das Comunica\u00e7\u00f5es<\/span> <span class=\"meta-nav\">&rarr;<\/span><\/a><\/p>\n","protected":false},"author":1,"featured_media":0,"comment_status":"open","ping_status":"open","sticky":false,"template":"","format":"standard","meta":{"footnotes":""},"categories":[40],"tags":[912],"_links":{"self":[{"href":"https:\/\/obscom.intervozes.org.br\/index.php?rest_route=\/wp\/v2\/posts\/25297"}],"collection":[{"href":"https:\/\/obscom.intervozes.org.br\/index.php?rest_route=\/wp\/v2\/posts"}],"about":[{"href":"https:\/\/obscom.intervozes.org.br\/index.php?rest_route=\/wp\/v2\/types\/post"}],"author":[{"embeddable":true,"href":"https:\/\/obscom.intervozes.org.br\/index.php?rest_route=\/wp\/v2\/users\/1"}],"replies":[{"embeddable":true,"href":"https:\/\/obscom.intervozes.org.br\/index.php?rest_route=%2Fwp%2Fv2%2Fcomments&post=25297"}],"version-history":[{"count":0,"href":"https:\/\/obscom.intervozes.org.br\/index.php?rest_route=\/wp\/v2\/posts\/25297\/revisions"}],"wp:attachment":[{"href":"https:\/\/obscom.intervozes.org.br\/index.php?rest_route=%2Fwp%2Fv2%2Fmedia&parent=25297"}],"wp:term":[{"taxonomy":"category","embeddable":true,"href":"https:\/\/obscom.intervozes.org.br\/index.php?rest_route=%2Fwp%2Fv2%2Fcategories&post=25297"},{"taxonomy":"post_tag","embeddable":true,"href":"https:\/\/obscom.intervozes.org.br\/index.php?rest_route=%2Fwp%2Fv2%2Ftags&post=25297"}],"curies":[{"name":"wp","href":"https:\/\/api.w.org\/{rel}","templated":true}]}}