{"id":25296,"date":"2011-02-01T15:41:59","date_gmt":"2011-02-01T15:41:59","guid":{"rendered":"https:\/\/obscom.intervozes.org.br\/wordpress\/?p=25296"},"modified":"2011-02-01T15:41:59","modified_gmt":"2011-02-01T15:41:59","slug":"minicom-admite-em-parecer-juridico-possibilidade-de-orgao-regulador-para-radiodifusao","status":"publish","type":"post","link":"https:\/\/obscom.intervozes.org.br\/?p=25296","title":{"rendered":"Minicom admite, em parecer jur\u00eddico, possibilidade de \u00f3rg\u00e3o regulador para radiodifus\u00e3o"},"content":{"rendered":"<p><span class=\"padrao\">A decis&atilde;o do Minist&eacute;rio das Comunica&ccedil;&otilde;es de devolver &agrave; Anatel a compet&ecirc;ncia para fiscalizar mais de 12 mil processos de radiodifus&atilde;o tem implica&ccedil;&otilde;es jur&iacute;dicas importantes em um momento em que se come&ccedil;a a discutir as futuras compet&ecirc;ncias de uma ag&ecirc;ncia reguladora sobre o setor de r&aacute;dio e TV. Na semana passada, vale lembrar, o ministro Paulo Bernardo homologou um novo parecer de sua consultoria jur&iacute;dica. A &iacute;ntegra do texto est&aacute; dispon&iacute;vel na homepage do site TELETIME. E nesse parecer, assinado em 25 de janeiro e homologado pelo ministro Paulo Bernardo, existem teses que poder&atilde;o ser importantes no futuro debate inclusive de uma lei de comunica&ccedil;&atilde;o eletr&ocirc;nica.<\/p>\n<p>O novo parecer tem o intuito de reconhecer as compet&ecirc;ncias da Anatel para tratar das quest&otilde;es de fiscaliza&ccedil;&atilde;o da radiodifus&atilde;o em rela&ccedil;&atilde;o a aspectos t&eacute;cnicos (uso do espectro), compet&ecirc;ncia para outorga de autoriza&ccedil;&atilde;o de uso de radiofrequ&ecirc;ncia, homologa&ccedil;&atilde;o de equipamentos e; por conv&ecirc;nio, fiscalizar quest&otilde;es n&atilde;o-t&eacute;cnicas (por exemplo, conte&uacute;dos).<\/p>\n<p>Em rela&ccedil;&atilde;o aos aspectos punitivos, o parecer aprovado reconhece poderes da ag&ecirc;ncia para aplicar san&ccedil;&otilde;es a irregularidades relacionadas ao uso do espectro e homologa&ccedil;&atilde;o de equipamentos, o que significa, inclusive, instaurar e conduzir processos administrativos, mesmo que seja contra um radiodifusor. Al&eacute;m disso, o parecer reconhece que a Anatel pode lacrar esta&ccedil;&otilde;es sempre que a ag&ecirc;ncia estiver &ldquo;legitimamente fiscalizando a conduta dos administrados&rdquo;.<\/p>\n<p>Constitucionalidades<\/p>\n<p>Mas novo parecer do Minist&eacute;rio das Comunica&ccedil;&otilde;es traz uma interpreta&ccedil;&atilde;o nova sobre a quest&atilde;o Constitucional acerca de quem tem o poder de regular o setor de radiodifus&atilde;o. Ao contr&aacute;rio da leitura que vinha sendo dada pelo pr&oacute;prio Minicom, a interpreta&ccedil;&atilde;o do novo consultor jur&iacute;dico que assina o documento, Rodrigo Zerbone Loureiro, &eacute; que a Constitui&ccedil;&atilde;o n&atilde;o atribui apenas ao minist&eacute;rio esta fun&ccedil;&atilde;o. Segundo o parecer, &ldquo;se &eacute; clara a determina&ccedil;&atilde;o constitucional (&#8230;) para a cria&ccedil;&atilde;o de um &oacute;rg&atilde;o regulador para os servi&ccedil;os de telecomunica&ccedil;&otilde;es, n&atilde;o h&aacute; (&#8230;) em qualquer outra parte da Constitui&ccedil;&atilde;o veda&ccedil;&atilde;o para a cria&ccedil;&atilde;o de uma entidade reguladora para servi&ccedil;os de radiodifus&atilde;o. Tampouco h&aacute; a veda&ccedil;&atilde;o de que haja somente uma entidade reguladora com compet&ecirc;ncia sobre os servi&ccedil;os telecomunica&ccedil;&otilde;es e radiodifus&atilde;o&rdquo;. Segundo o consultor jur&iacute;dico, a express&atilde;o &ldquo;Poder Executivo&rdquo; utilizada na Constitui&ccedil;&atilde;o &eacute; diferente da utilizada na Lei Geral de Telecomunica&ccedil;&otilde;es, em que Poder executivo &eacute; a administra&ccedil;&atilde;o direta (minist&eacute;rio), em contraposi&ccedil;&atilde;o &agrave; administra&ccedil;&atilde;o indireta (ag&ecirc;ncia). Poder Executivo, na Constitui&ccedil;&atilde;o, incluiria qualquer &oacute;rg&atilde;o da administra&ccedil;&atilde;o, raz&atilde;o pela qual a Anatel teria, sim, compet&ecirc;ncia constitucional para regular a radiodifus&atilde;o. Segundo o consultor jur&iacute;dico, os limites s&atilde;o aqueles dados pela Lei Geral de Telecomunica&ccedil;&otilde;es apenas.<\/span><\/p>\n<p>&nbsp;<\/p>\n<p><span class=\"padrao\">Revis&atilde;o de decis&otilde;es<\/span><\/p>\n<p>&nbsp;<\/p>\n<p><span class=\"padrao\">O parecer da consultoria jur&iacute;dica do Minist&eacute;rio das Comunica&ccedil;&otilde;es foi enviado ao conselho diretor da Anatel. O conselho ter&aacute; que decidir, em breve, sobre um questionamento da superintend&ecirc;ncia de radiofrequ&ecirc;ncia e fiscaliza&ccedil;&atilde;o da Anatel (SRF), que quer saber o que fazer com as multas aplicadas at&eacute; hoje sobre radiodifusores, que totalizam mais de R$ 7 milh&otilde;es. O questionamento da SRF baseia-se no fato de o conselho ter decidido, em setembro de 2006, que n&atilde;o cabia &agrave; ag&ecirc;ncia punir empresas de radiodifus&atilde;o. Com isso, segundo a SRF, algumas empresas teriam questionado multas aplicadas, abrindo um grave passivo judicial para a Anatel. O novo parecer da consultoria jur&iacute;dica d&aacute; a entender que se a Anatel n&atilde;o revir essa posi&ccedil;&atilde;o ao se manifestar sobre o questionamento da SRF, o assunto ter&aacute; que ser tratado pela C&acirc;mara de Concilia&ccedil;&atilde;o e Arbitragem da Administra&ccedil;&atilde;o Federal.<\/span><\/p>\n<p>&nbsp;<\/p>\n<p><span class=\"padrao\">Pareceres conflitantes<\/span><\/p>\n<p>&nbsp;<\/p>\n<p><span class=\"padrao\">O que esse epis&oacute;dio revela &eacute; que, ao longo dos anos, surgiram pareceres conflitantes inclusive dentro da procuradoria jur&iacute;dica da Anatel sobre o tema. Existem posi&ccedil;&otilde;es divergentes manifestadas em diferentes momentos. Agora, a consultoria jur&iacute;dica do Minist&eacute;rio adotou um dos pareceres da procuradoria da Anatel para alinhar posi&ccedil;&otilde;es sobre o tema. A AGU foi informada sobre a &ldquo;inexist&ecirc;ncia de diverg&ecirc;ncias jur&iacute;dicas&rdquo; sobre a atribui&ccedil;&atilde;o de compet&ecirc;ncias da Anatel. Com isso, a ag&ecirc;ncia ganha poder pol&iacute;tico frente aos radiodifusores.<\/span><\/p>\n","protected":false},"excerpt":{"rendered":"<p>A decis&atilde;o do Minist&eacute;rio das Comunica&ccedil;&otilde;es de devolver &agrave; Anatel a compet&ecirc;ncia para fiscalizar mais de 12 mil processos de radiodifus&atilde;o tem implica&ccedil;&otilde;es jur&iacute;dicas importantes em um momento em que se come&ccedil;a a discutir as futuras compet&ecirc;ncias de uma ag&ecirc;ncia reguladora sobre o setor de r&aacute;dio e TV. Na semana passada, vale lembrar, o ministro &hellip; <a href=\"https:\/\/obscom.intervozes.org.br\/?p=25296\" class=\"more-link\">Continue lendo <span class=\"screen-reader-text\">Minicom admite, em parecer jur\u00eddico, possibilidade de \u00f3rg\u00e3o regulador para radiodifus\u00e3o<\/span> <span class=\"meta-nav\">&rarr;<\/span><\/a><\/p>\n","protected":false},"author":1,"featured_media":0,"comment_status":"open","ping_status":"open","sticky":false,"template":"","format":"standard","meta":{"footnotes":""},"categories":[40],"tags":[323],"_links":{"self":[{"href":"https:\/\/obscom.intervozes.org.br\/index.php?rest_route=\/wp\/v2\/posts\/25296"}],"collection":[{"href":"https:\/\/obscom.intervozes.org.br\/index.php?rest_route=\/wp\/v2\/posts"}],"about":[{"href":"https:\/\/obscom.intervozes.org.br\/index.php?rest_route=\/wp\/v2\/types\/post"}],"author":[{"embeddable":true,"href":"https:\/\/obscom.intervozes.org.br\/index.php?rest_route=\/wp\/v2\/users\/1"}],"replies":[{"embeddable":true,"href":"https:\/\/obscom.intervozes.org.br\/index.php?rest_route=%2Fwp%2Fv2%2Fcomments&post=25296"}],"version-history":[{"count":0,"href":"https:\/\/obscom.intervozes.org.br\/index.php?rest_route=\/wp\/v2\/posts\/25296\/revisions"}],"wp:attachment":[{"href":"https:\/\/obscom.intervozes.org.br\/index.php?rest_route=%2Fwp%2Fv2%2Fmedia&parent=25296"}],"wp:term":[{"taxonomy":"category","embeddable":true,"href":"https:\/\/obscom.intervozes.org.br\/index.php?rest_route=%2Fwp%2Fv2%2Fcategories&post=25296"},{"taxonomy":"post_tag","embeddable":true,"href":"https:\/\/obscom.intervozes.org.br\/index.php?rest_route=%2Fwp%2Fv2%2Ftags&post=25296"}],"curies":[{"name":"wp","href":"https:\/\/api.w.org\/{rel}","templated":true}]}}