{"id":25288,"date":"2011-01-28T17:28:00","date_gmt":"2011-01-28T17:28:00","guid":{"rendered":"https:\/\/obscom.intervozes.org.br\/wordpress\/?p=25288"},"modified":"2011-01-28T17:28:00","modified_gmt":"2011-01-28T17:28:00","slug":"candidatos-nas-eleicoes-do-cgi-br-comentam-temas-relacionados-a-internet","status":"publish","type":"post","link":"https:\/\/obscom.intervozes.org.br\/?p=25288","title":{"rendered":"Candidatos nas elei\u00e7\u00f5es do CGI.Br comentam temas relacionados \u00e0 internet"},"content":{"rendered":"<p><span class=\"padrao\">As elei&ccedil;&otilde;es para o Comit&ecirc; Gestor da Internet, o CGI.Br, que acontecer&atilde;o do dia 31 de janeiro ao dia 4 de fevereiro, est&atilde;o sendo importantes para levantar temas ess&ecirc;ncias para o futuro da rede, principalmente no Brasil. Uma delas diz respeito ao Plano Nacional de Banda Larga, conhecido como PNBL, que visa massificar o acesso &agrave; internet para todos os brasileiros.<\/p>\n<p>Para Leandro Chemalle, do Partido Pirata Brasileiro e candidato ao terceiro setor do CGI.Br, &ldquo;o PNBL &eacute; o principal mecanismo que temos para conseguir chegar a um acesso mais amplo a internet em todo o pa&iacute;s&rdquo;. Segundo ele, a principal vantagem do plano estaria nas metas de acesso do plano. Mas o candidato tamb&eacute;m alerta para a insufici&ecirc;ncia do projeto: &ldquo;n&atilde;o tenho muito acordo com o conceito de Banda Larga. Quem tem uma conex&atilde;o de 500Kbps sabe que na maior parte do tempo a navega&ccedil;&atilde;o acaba sendo sofr&iacute;vel e acessar um site de videos pode ser bem demorado&rdquo;.<\/p>\n<p>Outra pol&ecirc;mica levantada diz respeito ao PL 89\/2003, tamb&eacute;m conhecido como a Lei Azeredo, ou o AI-5 Digital. &ldquo;&Eacute; temer&aacute;rio que uma lei preveja o monitoramento da navega&ccedil;&atilde;o dos usu&aacute;rios e autorize a interrup&ccedil;&atilde;o de sua conex&atilde;o com a Internet em caso de conduta considerada suspeita sem qualquer tipo de media&ccedil;&atilde;o judicial&rdquo; diz a advogada do Instituto Brasileiro de Defesa do consumidor e candidata ao CGI.Br, Veridiana Alimonti. Segundo ela, o projeto &eacute; uma s&eacute;ria amea&ccedil;a &agrave; liberdade e &agrave; privacidade dos usu&aacute;rios e usu&aacute;rias da rede. &ldquo;Num pa&iacute;s como o Brasil, pobre e com altas taxas de analfabetismo, a Internet tem que servir ao interesse p&uacute;blico e permitir processos ben&eacute;ficos para o acesso ao conhecimento&rdquo; completa ela.<\/p>\n<p>Quando perguntado sobre a prioridade n&uacute;mero um do CGI.Br para os pr&oacute;ximos anos, o jornalista e tamb&eacute;m candidato Ricardo Negr&atilde;o &eacute; enf&aacute;tico: &ldquo;A prioridade n&uacute;mero um &eacute; garantir a liberdade da rede&rdquo;. Portanto, segundo ele, &eacute; essencial que o comit&ecirc; crie v&iacute;nculos com os movimentos sociais. &ldquo;Para isso &eacute; necess&aacute;rio construir &ldquo;pontes&rdquo;, que v&atilde;o desde o aumento do n&uacute;mero de representantes do Terceiro Setor, transpar&ecirc;ncia das reuni&otilde;es e a cria&ccedil;&atilde;o de um n&uacute;cleo ligado aos representantes do terceiro setor que possa trazer mais contribui&ccedil;&otilde;es para dentro do Comit&ecirc;&rdquo; completa ele.<\/p>\n<p>Os candidatos entrevistados s&atilde;o alguns dos signat&aacute;rios da plataforma &ldquo;<a href=\"http:\/\/www.intervozes.org.br\/noticias\/entidades-lancam-documento-com-propostas-para-comite-gestor-da-internet\">Por uma Internet Livre, Inclusiva e Democr&aacute;tica<\/a>&rdquo;.<\/span><\/p>\n","protected":false},"excerpt":{"rendered":"<p>Elei&ccedil;&otilde;es que acontecem a partir da pr&oacute;xima segunda-feira levanta temas importantes sobre o futuro da Internet no pa&iacute;s.<\/p>\n","protected":false},"author":1,"featured_media":0,"comment_status":"open","ping_status":"open","sticky":false,"template":"","format":"standard","meta":{"footnotes":""},"categories":[40],"tags":[150],"_links":{"self":[{"href":"https:\/\/obscom.intervozes.org.br\/index.php?rest_route=\/wp\/v2\/posts\/25288"}],"collection":[{"href":"https:\/\/obscom.intervozes.org.br\/index.php?rest_route=\/wp\/v2\/posts"}],"about":[{"href":"https:\/\/obscom.intervozes.org.br\/index.php?rest_route=\/wp\/v2\/types\/post"}],"author":[{"embeddable":true,"href":"https:\/\/obscom.intervozes.org.br\/index.php?rest_route=\/wp\/v2\/users\/1"}],"replies":[{"embeddable":true,"href":"https:\/\/obscom.intervozes.org.br\/index.php?rest_route=%2Fwp%2Fv2%2Fcomments&post=25288"}],"version-history":[{"count":0,"href":"https:\/\/obscom.intervozes.org.br\/index.php?rest_route=\/wp\/v2\/posts\/25288\/revisions"}],"wp:attachment":[{"href":"https:\/\/obscom.intervozes.org.br\/index.php?rest_route=%2Fwp%2Fv2%2Fmedia&parent=25288"}],"wp:term":[{"taxonomy":"category","embeddable":true,"href":"https:\/\/obscom.intervozes.org.br\/index.php?rest_route=%2Fwp%2Fv2%2Fcategories&post=25288"},{"taxonomy":"post_tag","embeddable":true,"href":"https:\/\/obscom.intervozes.org.br\/index.php?rest_route=%2Fwp%2Fv2%2Ftags&post=25288"}],"curies":[{"name":"wp","href":"https:\/\/api.w.org\/{rel}","templated":true}]}}