{"id":25284,"date":"2011-01-28T15:11:09","date_gmt":"2011-01-28T15:11:09","guid":{"rendered":"https:\/\/obscom.intervozes.org.br\/wordpress\/?p=25284"},"modified":"2011-01-28T15:11:09","modified_gmt":"2011-01-28T15:11:09","slug":"bernardo-pede-sugestoes-ao-fndc-para-revisao-do-marco-da-midia-eletronica","status":"publish","type":"post","link":"https:\/\/obscom.intervozes.org.br\/?p=25284","title":{"rendered":"Bernardo pede sugest\u00f5es ao FNDC para revis\u00e3o do marco da m\u00eddia eletr\u00f4nica"},"content":{"rendered":"<p><span class=\"padrao\">O ministro das Comunica&ccedil;&otilde;es, Paulo Bernardo, pediu, nesta quinta-feira (27),&nbsp; a representantes do Forum Nacional de Democratiza&ccedil;&atilde;o da Comunica&ccedil;&atilde;o (FNDC) sugest&otilde;es ao projeto de revis&atilde;o do marco regulat&oacute;rio da m&iacute;dia eletr&ocirc;nica que ainda est&aacute; em fase de an&aacute;lise no Minicom. &ldquo;N&oacute;s recebemos um projeto bastante adiantado do [ex] ministro Franklin Martins, mas ainda n&atilde;o est&aacute; pronto&rdquo;, disse Bernardo. Ele informou que est&aacute; se inteirando do conte&uacute;do da proposta para fechar uma posi&ccedil;&atilde;o do governo, antes de colocar o projeto em consulta p&uacute;blica e, a seguir, enviar para o Congresso Nacional.<\/p>\n<p>&ldquo;N&atilde;o temos prazo ainda de quando esse projeto ser&aacute; fechado&rdquo;, disse o ministro. Ele tamb&eacute;m n&atilde;o quis adiantar pontos do projeto, mas disse que ainda n&atilde;o h&aacute; decis&atilde;o sobre se a regula&ccedil;&atilde;o do conte&uacute;do digital e dos meios de transmiss&atilde;o ser&aacute; em uma norma s&oacute;, ou se a regula&ccedil;&atilde;o do conte&uacute;do ser&aacute; feita tamb&eacute;m por uma nova Anatel ampliada ou se ser&aacute; criada uma nova estrutura espec&iacute;fica.<\/p>\n<p>O coordenador-geral do FNDC, Celso Schr&ouml;der, disse que &eacute; preciso superar no pa&iacute;s essa equivocada ideia de que falar sobre regula&ccedil;&atilde;o da comunica&ccedil;&atilde;o &eacute; sin&ocirc;nimo de censura. &ldquo;O princ&iacute;pio do marco regulat&oacute;rio &eacute; fundamental por exemplo para garantir que a radiodifus&atilde;o continue a existir daqui a 10 anos. Sem ele, a radiodifus&atilde;o brasileira acaba porque as teles tomar&atilde;o de conta&rdquo;, disse.<\/p>\n<p>A preocupa&ccedil;&atilde;o do FNDC &eacute; de que n&atilde;o se perca os avan&ccedil;os obtidos na 1&ordf; Confer&ecirc;ncia Nacional de Comunica&ccedil;&atilde;o (Confecom). Ele disse que as legisla&ccedil;&otilde;es atuais do setor n&atilde;o se conversam e impedem que setores importantes despontem no Brasil, como o de produ&ccedil;&atilde;o cultural. E que ainda que regule pontos da TV digital, que n&atilde;o &eacute; atendido nas leis existentes, como a multiprograma&ccedil;&atilde;o. Schr&ouml;der j&aacute; marcou nova reuni&atilde;o com o ministro para meados de fevereiro.<\/p>\n<p>Licen&ccedil;a &uacute;nica<\/p>\n<p>Bernardo aproveitou a conversa com os jornalistas para esclarecer sua posi&ccedil;&atilde;o em rela&ccedil;&atilde;o a um projeto de unifica&ccedil;&atilde;o de licen&ccedil;as, que est&aacute; em estudo pela Anatel e que foi divulgado pelo jornal O Estado de S. Paulo hoje. Segundo ele, a licen&ccedil;a &uacute;nica em estudo engloba apenas os servi&ccedil;os de telecomunica&ccedil;&otilde;es &#8211; de voz, dados e TV paga -, e n&atilde;o os servi&ccedil;os de radiodifus&atilde;o, como publicou o jornal. Negou tamb&eacute;m que o governo vai abandonar a tese da proibi&ccedil;&atilde;o da propriedade cruzada na radiodifus&atilde;o, como indica a proposta de revis&atilde;o do marco.<\/p>\n<p>&ldquo;A licen&ccedil;a &uacute;nica &eacute; uma possibilidade que est&aacute; sendo estudada na Anatel em fun&ccedil;&atilde;o da converg&ecirc;ncia tecnol&oacute;gica, mas nada tem rela&ccedil;&atilde;o com a regula&ccedil;&atilde;o da m&iacute;dia eletr&ocirc;nica&rdquo;, enfatizou o ministro. Bernardo negou ainda que defenda a extens&atilde;o do limite de capital estrangeiro para os portais da internet. &ldquo;Esse tema n&atilde;o est&aacute; em discuss&atilde;o no minist&eacute;rio, mas acho que a quest&otilde;es ligadas a abrang&ecirc;ncia da Constitui&ccedil;&atilde;o s&atilde;o resolvidas no Supremo Tribunal Federal&rdquo;, disse.<\/p>\n<p>Exagero<\/p>\n<p>Outra fonte da mat&eacute;ria do Estad&atilde;o, o conselheiro Jo&atilde;o Rezende, da Anatel, viu exagero na interpreta&ccedil;&atilde;o do jornal. &ldquo;A coloca&ccedil;&atilde;o que eu fiz &eacute; que eu acho, que num prazo de cinco a 10 anos, a tecnologia vai caminhar para converg&ecirc;ncia no servi&ccedil;o de telecom, que &eacute; voz, dados e TV paga. R&aacute;dio e jornal n&atilde;o est&atilde;o inclu&iacute;dos nessa licen&ccedil;a &uacute;nica&rdquo;, ressaltou.<\/span><\/p>\n","protected":false},"excerpt":{"rendered":"<p>O ministro das Comunica&ccedil;&otilde;es, Paulo Bernardo, pediu, nesta quinta-feira (27),&nbsp; a representantes do Forum Nacional de Democratiza&ccedil;&atilde;o da Comunica&ccedil;&atilde;o (FNDC) sugest&otilde;es ao projeto de revis&atilde;o do marco regulat&oacute;rio da m&iacute;dia eletr&ocirc;nica que ainda est&aacute; em fase de an&aacute;lise no Minicom. &ldquo;N&oacute;s recebemos um projeto bastante adiantado do [ex] ministro Franklin Martins, mas ainda n&atilde;o est&aacute; &hellip; <a href=\"https:\/\/obscom.intervozes.org.br\/?p=25284\" class=\"more-link\">Continue lendo <span class=\"screen-reader-text\">Bernardo pede sugest\u00f5es ao FNDC para revis\u00e3o do marco da m\u00eddia eletr\u00f4nica<\/span> <span class=\"meta-nav\">&rarr;<\/span><\/a><\/p>\n","protected":false},"author":1,"featured_media":0,"comment_status":"open","ping_status":"open","sticky":false,"template":"","format":"standard","meta":{"footnotes":""},"categories":[40],"tags":[307],"_links":{"self":[{"href":"https:\/\/obscom.intervozes.org.br\/index.php?rest_route=\/wp\/v2\/posts\/25284"}],"collection":[{"href":"https:\/\/obscom.intervozes.org.br\/index.php?rest_route=\/wp\/v2\/posts"}],"about":[{"href":"https:\/\/obscom.intervozes.org.br\/index.php?rest_route=\/wp\/v2\/types\/post"}],"author":[{"embeddable":true,"href":"https:\/\/obscom.intervozes.org.br\/index.php?rest_route=\/wp\/v2\/users\/1"}],"replies":[{"embeddable":true,"href":"https:\/\/obscom.intervozes.org.br\/index.php?rest_route=%2Fwp%2Fv2%2Fcomments&post=25284"}],"version-history":[{"count":0,"href":"https:\/\/obscom.intervozes.org.br\/index.php?rest_route=\/wp\/v2\/posts\/25284\/revisions"}],"wp:attachment":[{"href":"https:\/\/obscom.intervozes.org.br\/index.php?rest_route=%2Fwp%2Fv2%2Fmedia&parent=25284"}],"wp:term":[{"taxonomy":"category","embeddable":true,"href":"https:\/\/obscom.intervozes.org.br\/index.php?rest_route=%2Fwp%2Fv2%2Fcategories&post=25284"},{"taxonomy":"post_tag","embeddable":true,"href":"https:\/\/obscom.intervozes.org.br\/index.php?rest_route=%2Fwp%2Fv2%2Ftags&post=25284"}],"curies":[{"name":"wp","href":"https:\/\/api.w.org\/{rel}","templated":true}]}}