{"id":25267,"date":"2011-01-24T15:25:01","date_gmt":"2011-01-24T15:25:01","guid":{"rendered":"https:\/\/obscom.intervozes.org.br\/wordpress\/?p=25267"},"modified":"2011-01-24T15:25:01","modified_gmt":"2011-01-24T15:25:01","slug":"governo-pode-rever-padrao-para-transmissao-de-radios-comunitarias","status":"publish","type":"post","link":"https:\/\/obscom.intervozes.org.br\/?p=25267","title":{"rendered":"Governo pode rever padr\u00e3o para transmiss\u00e3o de r\u00e1dios comunit\u00e1rias"},"content":{"rendered":"<p>O secret&aacute;rio executivo do Minist&eacute;rio das Comunica&ccedil;&otilde;es, C&eacute;zar Alvarez, se reuniu neste s&aacute;bado (22) com representantes da Associa&ccedil;&atilde;o Brasileira de Radiodifus&atilde;o Comunit&aacute;ria (Abra&ccedil;o) para discutir reivindica&ccedil;&otilde;es do setor. Alvarez tomou conhecimento das principais quest&otilde;es levantadas no dia de encerramento do 7&ordm; Congresso Nacional da Abra&ccedil;o, realizado durante esta semana em Bras&iacute;lia.<\/p>\n<p>Foi a primeira vez em 14 anos que o governo federal estabeleceu um canal de di&aacute;logo com a associa&ccedil;&atilde;o e o tom foi de concilia&ccedil;&atilde;o. &quot;H&aacute; uma determina&ccedil;&atilde;o expressa da presidente Dilma Rousseff ao ministro [das Comunica&ccedil;&otilde;es] Paulo Bernardo no sentido de trabalhar a rela&ccedil;&atilde;o com r&aacute;dios comunit&aacute;rias &#8211; com a Abra&ccedil;o em particular como uma das maiores [entidades representativas] do setor &#8211; dentro de uma qualifica&ccedil;&atilde;o da radiodifus&atilde;o como um todo&quot;, disse Alvarez.<\/p>\n<p>O secret&aacute;rio garantiu que as r&aacute;dios comunit&aacute;rias ter&atilde;o espa&ccedil;o no Minist&eacute;rio das Comunica&ccedil;&otilde;es, mas n&atilde;o definiu nada sobre a cria&ccedil;&atilde;o de uma subsecretaria para atender o setor. A proposta de cria&ccedil;&atilde;o de uma subsecretaria foi aprovada na 1&ordf; Confer&ecirc;ncia Nacional de Comunica&ccedil;&atilde;o (Confecom), em dezembro de 2009.<\/p>\n<p>Apesar da indefini&ccedil;&atilde;o quanto &agrave; subsecretaria, Alvarez garantiu que os radiodifusores comunit&aacute;rios ter&atilde;o espa&ccedil;o na elabora&ccedil;&atilde;o do marco regulat&oacute;rio da comunica&ccedil;&atilde;o. &quot;Ele ainda est&aacute; em fase de estudo no Executivo e ainda tem muitas etapas de debate com a sociedade e com o Legislativo antes de ser implementado&quot;.<\/p>\n<p>Uma das principais reivindica&ccedil;&otilde;es que surgiram durante a reuni&atilde;o &eacute; o tratamento diferenciado da pot&ecirc;ncia e da altura das antenas das r&aacute;dios comunit&aacute;rias, atendendo a varia&ccedil;&otilde;es urban&iacute;sticas e de relevo das cidades. Segundo a Lei da Radiodifus&atilde;o Comunit&aacute;ria, a pot&ecirc;ncia das r&aacute;dios &eacute; limitada em 25 watts e a antena n&atilde;o pode superar 30 metros de altura.<\/p>\n<p>A Abra&ccedil;o pede uma pot&ecirc;ncia dez vezes maior. Alvarez admitiu que a quest&atilde;o pode ser discutida. &quot;Temos que trabalhar com essa quest&atilde;o da diversidade social e regional do Brasil&quot;, afirmou. Os representantes da Abra&ccedil;o tamb&eacute;m cobraram medidas para que a verba de publicidade do governo tamb&eacute;m seja distribu&iacute;da &agrave;s r&aacute;dios. O representante do minist&eacute;rio disse n&atilde;o ter uma posi&ccedil;&atilde;o sobre o assunto, mas prometeu estud&aacute;-lo.<\/p>\n<p>Entre as reivindica&ccedil;&otilde;es est&atilde;o ainda a descriminaliza&ccedil;&atilde;o das r&aacute;dios comunit&aacute;rias, o fim das a&ccedil;&otilde;es de agentes de fiscaliza&ccedil;&atilde;o e policiais nas emissoras e anistia de multas e tamb&eacute;m, para quem foi condenado por instalar uma r&aacute;dio sem amparo legal. &quot;No Rio de Janeiro, &eacute; preciso deixar de tratar as r&aacute;dios comunit&aacute;rias em favelas como se estivessem a servi&ccedil;o dos traficantes&quot;, disse o congressista fluminense Adel Moura.<\/p>\n<p>O secret&aacute;rio executivo do minist&eacute;rio pediu que as den&uacute;ncias sejam relatadas com documenta&ccedil;&atilde;o completa para averigua&ccedil;&atilde;o de responsabilidades. Uma nova reuni&atilde;o com os radiodifusores comunit&aacute;rios deve acontecer em 30 dias.<\/p>\n","protected":false},"excerpt":{"rendered":"<p>O secret&aacute;rio executivo do Minist&eacute;rio das Comunica&ccedil;&otilde;es, C&eacute;zar Alvarez, se reuniu neste s&aacute;bado (22) com representantes da Associa&ccedil;&atilde;o Brasileira de Radiodifus&atilde;o Comunit&aacute;ria (Abra&ccedil;o) para discutir reivindica&ccedil;&otilde;es do setor. Alvarez tomou conhecimento das principais quest&otilde;es levantadas no dia de encerramento do 7&ordm; Congresso Nacional da Abra&ccedil;o, realizado durante esta semana em Bras&iacute;lia. Foi a primeira vez &hellip; <a href=\"https:\/\/obscom.intervozes.org.br\/?p=25267\" class=\"more-link\">Continue lendo <span class=\"screen-reader-text\">Governo pode rever padr\u00e3o para transmiss\u00e3o de r\u00e1dios comunit\u00e1rias<\/span> <span class=\"meta-nav\">&rarr;<\/span><\/a><\/p>\n","protected":false},"author":1,"featured_media":0,"comment_status":"open","ping_status":"open","sticky":false,"template":"","format":"standard","meta":{"footnotes":""},"categories":[40],"tags":[230],"_links":{"self":[{"href":"https:\/\/obscom.intervozes.org.br\/index.php?rest_route=\/wp\/v2\/posts\/25267"}],"collection":[{"href":"https:\/\/obscom.intervozes.org.br\/index.php?rest_route=\/wp\/v2\/posts"}],"about":[{"href":"https:\/\/obscom.intervozes.org.br\/index.php?rest_route=\/wp\/v2\/types\/post"}],"author":[{"embeddable":true,"href":"https:\/\/obscom.intervozes.org.br\/index.php?rest_route=\/wp\/v2\/users\/1"}],"replies":[{"embeddable":true,"href":"https:\/\/obscom.intervozes.org.br\/index.php?rest_route=%2Fwp%2Fv2%2Fcomments&post=25267"}],"version-history":[{"count":0,"href":"https:\/\/obscom.intervozes.org.br\/index.php?rest_route=\/wp\/v2\/posts\/25267\/revisions"}],"wp:attachment":[{"href":"https:\/\/obscom.intervozes.org.br\/index.php?rest_route=%2Fwp%2Fv2%2Fmedia&parent=25267"}],"wp:term":[{"taxonomy":"category","embeddable":true,"href":"https:\/\/obscom.intervozes.org.br\/index.php?rest_route=%2Fwp%2Fv2%2Fcategories&post=25267"},{"taxonomy":"post_tag","embeddable":true,"href":"https:\/\/obscom.intervozes.org.br\/index.php?rest_route=%2Fwp%2Fv2%2Ftags&post=25267"}],"curies":[{"name":"wp","href":"https:\/\/api.w.org\/{rel}","templated":true}]}}