{"id":25265,"date":"2011-01-21T18:01:09","date_gmt":"2011-01-21T18:01:09","guid":{"rendered":"https:\/\/obscom.intervozes.org.br\/wordpress\/?p=25265"},"modified":"2014-09-07T03:01:19","modified_gmt":"2014-09-07T03:01:19","slug":"mercado-publicitario-sai-fortalecido-e-trava-regulamentacao","status":"publish","type":"post","link":"https:\/\/obscom.intervozes.org.br\/?p=25265","title":{"rendered":"Mercado publicit\u00e1rio sai fortalecido e trava regulamenta\u00e7\u00e3o"},"content":{"rendered":"<p><span class=\"padrao\">No debate para reforma do Marco Reglat&oacute;rio o ex-Ministro Franklin Martins enfatizou que o faturamento da radiodifus&atilde;o &eacute; &iacute;nfimo em rela&ccedil;&atilde;o as telecomunica&ccedil;&otilde;es. Por&eacute;m na Era Lula o mercado publicit&aacute;rio, principal fonte financeira das emissoras de televis&atilde;o no Brasil, continuou &aacute;vido e capaz de evitar qualquer regulamenta&ccedil;&atilde;o na &aacute;rea, quanto mais qualquer altera&ccedil;&atilde;o na legisla&ccedil;&atilde;o.<\/p>\n<p>Dados de 2009&sup1; d&atilde;o conta que a TV aberta no Brasil faturou R$ 13,5 bilh&otilde;es com publicidade, um crescimento de 7,6% suficiente para manter a dianteira com 60,9% do mercado em rela&ccedil;&otilde;es as outras m&iacute;dias. A internet, apesar do crescimento de 25%, n&atilde;o ultrapassou 4% do bolo, com R$ 950 milh&otilde;es de arrecada&ccedil;&atilde;o.<\/p>\n<p>Dotado de tamanha for&ccedil;a, a estrat&eacute;gia do setor empresarial foi seguir na contram&atilde;o da Constitui&ccedil;&atilde;o Federal e confundir a sociedade sobre papel da publicidade comercial, atrelando a publicidade aos conte&uacute;dos e relacionando&nbsp; a liberdade de express&atilde;o e artist&iacute;ca. O Conselho de Autoregulamenta&ccedil;&atilde;o Publicit&aacute;ria (Conar) &eacute; taxativo ao expor que o pa&iacute;s n&atilde;o precisa de mais nenhuma lei para coordenar a &aacute;rea.<\/p>\n<p>Esta posi&ccedil;&atilde;o enf&aacute;tica se consolidou quando da derrota do Conar, e seus parceiros, na regula&ccedil;&atilde;o da publicidade do tabaco, ainda no governo Fernand Henrique Cardoso. Paula Johns, diretora da Alian&ccedil;a de Controle ao Tabaco (ACT), explica que houve uma reorganiza&ccedil;&atilde;o do mercado publicit&aacute;rio que nos &uacute;ltimos anos ficou um pouco mais forte, envolvendo mais ind&uacute;strias interessadas e agindo conjuntamente, a exemplo de bebidas alc&oacute;olicas, produtos infantis e alimentos. Al&eacute;m disso, ela destaca que houve um consenso na sociedade em torno das restri&ccedil;&otilde;es ao tabaco na &eacute;poca.<\/p>\n<p>Para continuar a enfrentar alian&ccedil;a empresarial no fim de 2010 foi <a href=\"http:\/\/localhost\/intervozes_direitoacomunicacao\/wordpress\/?p=25218\">lan&ccedil;ada Frente pela Regula&ccedil;&atilde;o da Publicidade de Alimentos<\/a>  com diversas organiza&ccedil;&otilde;es da sociedade civil. Ainda assim, Paula enxerga outro obst&aacute;culo presente, uma tentativa de partidarizar o debate sob o slogan de cerceamento da m&iacute;dia: &quot;Tratam o tema como se fosse do atual governo. N&oacute;s refutamos qualquer tipo de an&aacute;lise nesse sentido. Estamos discutindo uma quest&atilde;o t&eacute;cnica, de forma alguma queremos comparar os governos&quot;.<br \/><strong><br \/>Congresso<\/strong><\/p>\n<p>Agindo em bloco, a ideia de autoregulamenta&ccedil;&atilde;o atuou no Congresso Nacional para paralisar ou rejeitar leis para o setor. Isabella Henriques, coordenadora geral do projeto Crian&ccedil;a e Consumo do Instituto Alana, explica que foram apresentados v&aacute;rios projetos de lei espec&iacute;ficos para proteger o p&uacute;blico infantil, mas nenhum foi aprovado: &quot;Em algumas comiss&otilde;es eram aprovados, mas nada definitivo&quot;.<\/p>\n<p>Bia Barbosa, integrante do Intervozes &#8211; Coletivo Brasil de Comunica&ccedil;&atilde;o Social, destaca o projeto de lei 5921\/01, que prop&otilde;e&nbsp; alterar o C&oacute;digo de Defesa do Consumidor ao considerar abusiva a publicidade dirigida a crian&ccedil;as menores de 12 anos. Apesar de aprovado na Comiss&atilde;o de Defesa do Consumidor (CDC), Bia lembra que o texto sofreu press&atilde;o dos radiodifusores na Comiss&atilde;o de Desenvolvimento Econ&ocirc;mico, Ind&uacute;stria e Com&eacute;rcio (CDEIC), e a restri&ccedil;&atilde;o foi minimizada e poder&aacute; sofrer novos recuos na Comiss&atilde;o de Ci&ecirc;ncia, Tecnologia, Inova&ccedil;&atilde;o, Comunica&ccedil;&atilde;o e Inform&aacute;tica (CCTICI), onde o lobby das emissoras &eacute; ainda mais forte.<\/p>\n<p>Outro projeto merece destaque, o PL 2940\/97, do deputado Jo&atilde;o Pizzolatti (PP-SC), que pro&iacute;be a propaganda comercial de bebidas alco&oacute;licas nos meios de comunica&ccedil;&atilde;o. A tramita&ccedil;&atilde;o dos projetos no Congresso, incluindo audi&ecirc;ncias p&uacute;blicas e debates nas comiss&otilde;es, se apresenta para Bia como demonstrativos de que a &quot;a regula&ccedil;&atilde;o de publicidade n&atilde;o &eacute; uma medida antidemocr&aacute;tica, como insistem em afirmar os empres&aacute;rios e propriet&aacute;rios dos meios de comunica&ccedil;&atilde;o&quot;.<\/p>\n<p><strong>Executivo<\/strong><\/p>\n<p>No Executivo Federal o caso mais emblem&aacute;tico foram as investidas da Ag&ecirc;ncia Nacional de Vigil&acirc;ncia Sanit&aacute;ria (Anvisa), &oacute;rg&atilde;o vinculado ao Minist&eacute;rio da Sa&uacute;de. Al&eacute;m da press&atilde;o do Conar, a Avisa sofreu seus maiores baques ao receber recomenda&ccedil;&otilde;es da Advocacia Geral da Uni&atilde;o (AGU) para <a href=\"http:\/\/localhost\/intervozes_direitoacomunicacao\/wordpress\/?p=24689\">anular resolu&ccedil;&otilde;es em 2007, 2009 e 2010<\/a> . <\/p>\n<p>A &uacute;ltima resolu&ccedil;&atilde;o, n&ordm; 24\/2010, estabelece crit&eacute;rios e exig&ecirc;ncias informativas para oferta e publicidade de alimentos considerados com quantidades elevadas de a&ccedil;&uacute;car, de gordura saturada, de gordura trans, de s&oacute;dio e de bebidas com baixo teor nutricional, voltada especialmente para prote&ccedil;&atilde;o do p&uacute;blico infantil. A decis&atilde;o &eacute; sustentada pela Organiza&ccedil;&atilde;o Mundial da Sa&uacute;de&nbsp; que desde 2005 destaca que o acesso de alimentos n&atilde;o saud&aacute;veis &agrave; popula&ccedil;&atilde;o infantil influi de forma significativa para a obesidade na fase adulta. As san&ccedil;&otilde;es impostas pela resolu&ccedil;&atilde;o aos que a desobedecesse variavam de notifica&ccedil;&atilde;o a interdi&ccedil;&atilde;o e multas de R$ 2 mil a R$ 1,5 milh&atilde;o.<\/p>\n<p>Al&eacute;m de cr&iacute;ticas da AGU, a resolu&ccedil;&atilde;o 24 foi tratada como inconstitucional pelo Congresso no projeto de decreto 2830\/10, do deputado Milton Monti (PR-SP).&nbsp; O Poder Judici&aacute;rio, por via de liminar concedida pela ju&iacute;za Gilda Sigmaringa Seixas, da 16&ordf; Vara Federal de Bras&iacute;lia, suspendeu a resolu&ccedil;&atilde;o da Anvisa.<\/p>\n<p>Para enfrentar a letargia do Congresso e Executivo, o professor da Universidade Federal do Esp\u00edrito Santo (UFES), Edgard Rebou&ccedil;as  ressalta a&ccedil;&otilde;es constantes do Minist&eacute;rio P&uacute;blico no estado de S&atilde;o Paulo contra empresas de fast food: &quot;O barulho dessas a&ccedil;&otilde;es isoladas fez com que o mercado se precavesse mais, at&eacute; modificarem o c&oacute;digo do Conar.&quot; Apesar dos limites da autoregulamenta&ccedil;&atilde;o, Rebou&ccedil;as considera esse resultado um avan&ccedil;o.<\/p>\n<p><strong>Hist&oacute;rico<\/strong><\/p>\n<p>A &uacute;ltima grande derrota do mercado publicit&aacute;rio foi ainda no governo Fernando Henrique Cardoso, desde 1996 a Lei 9.294 j&aacute; buscava atuar sobre produtos fum&iacute;geros, derivados ou n&atilde;o do tabaco, bebidas alco&oacute;licas, medicamentos, terapias e de defensivos agr&iacute;colas. Em 2000 o ent&atilde;o o ent&atilde;o Ministro da Sa&uacute;de Jos&eacute; Serra, balizado pelo Instituto Nacional do C&acirc;ncer, avan&ccedil;ou&nbsp; mais sobre&nbsp; a propaganda de tabaco e as retirou de outdoors, espet&aacute;culos, eventos esportivos, internet, r&aacute;dio e TV&#39;s.<\/p>\n<p>Paula Johns, diretora ACT, lembra que um dos principais argumentos contr&aacute;rio a medida era a possibilidade de crise das emissoras: &quot;Temos provas que elas n&atilde;o faliram por isso. A economia &eacute; din&acirc;mica. Se deixa de consumir produto nocivo, abre espa&ccedil;o pra outro&quot;, defende Paula. Apesar do consumo de tabaco ter diminu&iacute;do cerca de 18% no Brasil, segundo Paula, o merchandising &eacute; poderoso, presente em qualquer bar, padaria, jornaleiro e at&eacute; na abordagem direta, o que faz Paula enunciar o alerta: &quot;Essa &eacute; uma li&ccedil;&atilde;o a ser apreendida. A restri&ccedil;&atilde;o nos meios de massa pode ser repassada para outros espa&ccedil;os&quot;.<\/span><\/p>\n<p>&nbsp;<\/p>\n<p><span class=\"padrao\">&sup1;Fonte: Inter-Meio\/Meio e Mensagem<\/span><\/p>\n<p>&nbsp;<\/p>\n<p>&nbsp;<\/p>\n","protected":false},"excerpt":{"rendered":"<p>Nos &uacute;ltimos oito anos pouco se avan&ccedil;ou na regula&ccedil;&atilde;o de publicidade de produtos nocivos a sa&uacute;de ou para crian&ccedil;as<\/p>\n","protected":false},"author":1,"featured_media":0,"comment_status":"open","ping_status":"open","sticky":false,"template":"","format":"standard","meta":{"footnotes":""},"categories":[40],"tags":[390],"_links":{"self":[{"href":"https:\/\/obscom.intervozes.org.br\/index.php?rest_route=\/wp\/v2\/posts\/25265"}],"collection":[{"href":"https:\/\/obscom.intervozes.org.br\/index.php?rest_route=\/wp\/v2\/posts"}],"about":[{"href":"https:\/\/obscom.intervozes.org.br\/index.php?rest_route=\/wp\/v2\/types\/post"}],"author":[{"embeddable":true,"href":"https:\/\/obscom.intervozes.org.br\/index.php?rest_route=\/wp\/v2\/users\/1"}],"replies":[{"embeddable":true,"href":"https:\/\/obscom.intervozes.org.br\/index.php?rest_route=%2Fwp%2Fv2%2Fcomments&post=25265"}],"version-history":[{"count":2,"href":"https:\/\/obscom.intervozes.org.br\/index.php?rest_route=\/wp\/v2\/posts\/25265\/revisions"}],"predecessor-version":[{"id":28205,"href":"https:\/\/obscom.intervozes.org.br\/index.php?rest_route=\/wp\/v2\/posts\/25265\/revisions\/28205"}],"wp:attachment":[{"href":"https:\/\/obscom.intervozes.org.br\/index.php?rest_route=%2Fwp%2Fv2%2Fmedia&parent=25265"}],"wp:term":[{"taxonomy":"category","embeddable":true,"href":"https:\/\/obscom.intervozes.org.br\/index.php?rest_route=%2Fwp%2Fv2%2Fcategories&post=25265"},{"taxonomy":"post_tag","embeddable":true,"href":"https:\/\/obscom.intervozes.org.br\/index.php?rest_route=%2Fwp%2Fv2%2Ftags&post=25265"}],"curies":[{"name":"wp","href":"https:\/\/api.w.org\/{rel}","templated":true}]}}