{"id":25262,"date":"2011-01-21T15:43:09","date_gmt":"2011-01-21T15:43:09","guid":{"rendered":"https:\/\/obscom.intervozes.org.br\/wordpress\/?p=25262"},"modified":"2011-01-21T15:43:09","modified_gmt":"2011-01-21T15:43:09","slug":"cbc-pede-participacao-na-discussao-sobre-a-estrutura-de-politica-audiovisual-no-minc","status":"publish","type":"post","link":"https:\/\/obscom.intervozes.org.br\/?p=25262","title":{"rendered":"CBC pede participa\u00e7\u00e3o na discuss\u00e3o sobre a estrutura de pol\u00edtica audiovisual no MinC"},"content":{"rendered":"<p><span class=\"padrao\">Em carta aberta enviada &agrave; ministra da Cultura, Ana de Hollanda, o CBC (Congresso Brasileiro de Cinema) d&aacute; boas vindas &agrave; nova ministra, envia as resolu&ccedil;&otilde;es do VIII CBC &#8211; Congresso Brasileiro de Cinema e do Audiovisual, realizado em setembro do ano passado e cobra participa&ccedil;&atilde;o na defini&ccedil;&atilde;o da estrutura de formula&ccedil;&atilde;o das pol&iacute;ticas voltadas ao audiovisual. Na carta o CBC aponta &quot;preocupa&ccedil;&otilde;es diante de not&iacute;cias &#39;extra oficiais&#39; acerca de que, sem qualquer conhecimento pr&eacute;vio e participa&ccedil;&atilde;o das entidades representativas do setor, estariam sendo estudadas a implementa&ccedil;&atilde;o de medidas que, caso concretizadas, provocariam profundas mudan&ccedil;as nas atuais estruturas destinadas a formula&ccedil;&atilde;o das pol&iacute;ticas p&uacute;blicas, ao gerenciamento de programas, a&ccedil;&otilde;es e projetos, enfim, ao atendimento geral das quest&otilde;es relacionadas ao setor audiovisual&quot;.<\/p>\n<p>A diretoria do CBC pede na carta uma audi&ecirc;ncia com a ministra, &quot;dentro do menor prazo poss&iacute;vel&quot;.<\/p>\n<p>Veja a &iacute;ntegra do documento:<\/span><\/p>\n<p>&nbsp;<\/p>\n<p><span class=\"padrao\">&quot;Excelent&iacute;ssima Senhora, Ana de Hollanda<\/span><\/p>\n<p>&nbsp;<\/p>\n<p><span class=\"padrao\">DD. Ministra de Estado da Cultura<\/p>\n<p>O CBC &#8211; Congresso Brasileiro de Cinema, entidade nacional a qual s&atilde;o associadas setenta e duas (72) entidades dos diversos segmentos do audiovisual brasileiro, v&ecirc;m atrav&eacute;s desta lhe dar as boas vindas e saudar sua nomea&ccedil;&atilde;o para o importante cargo de Ministra de Estado da Cultura.<\/p>\n<p>Manifestamos ainda que, diante de sua trajet&oacute;ria de vida e de lutas pela cultura brasileira, nutrimos as melhores expectativas quanto ao seu sucesso e a certeza de que durante sua gest&atilde;o, o permanente, democr&aacute;tico e cordial di&aacute;logo, bem como, as parcerias desenvolvidas pelo Minist&eacute;rio da Cultura, pela ANCINE e pela SAV &#8211; Secretaria do Audiovisual com o CBC e com diversas outras institui&ccedil;&otilde;es do audiovisual brasileiro, n&atilde;o s&oacute; ser&atilde;o mantidas, mas aprimoradas e fortalecidas.<\/p>\n<p>Informamos que estamos encaminhando, em anexo, o documento final resultante do VIII CBC &#8211; Congresso Brasileiro de Cinema e do Audiovisual realizado em setembro do ano passado, em Porto Alegre (RS), registrando que o mesmo contou com a participa&ccedil;&atilde;o de mais de uma centena de entidades e de cerca de quinhentas pessoas do audiovisual. E que os entendimentos que vinham sendo mantidos junto ao MinC para a implementa&ccedil;&atilde;o de muitas das resolu&ccedil;&otilde;es, propostas, sugest&otilde;es e recomenda&ccedil;&otilde;es aprovadas tenham continuidade.<\/p>\n<p>Por outro lado, gostar&iacute;amos infelizmente de tamb&eacute;m externar nossas preocupa&ccedil;&otilde;es diante de not&iacute;cias &ldquo;extra oficiais&rdquo; acerca de que, sem qualquer conhecimento pr&eacute;vio e participa&ccedil;&atilde;o das entidades representativas do setor, estariam sendo estudadas a implementa&ccedil;&atilde;o de medidas que, caso concretizadas, provocariam profundas mudan&ccedil;as nas atuais estruturas destinadas a formula&ccedil;&atilde;o das pol&iacute;ticas p&uacute;blicas, ao gerenciamento de programas, a&ccedil;&otilde;es e projetos, enfim, ao atendimento geral das quest&otilde;es relacionadas ao setor audiovisual. Informamos que tais especula&ccedil;&otilde;es tem ganhado for&ccedil;a e trazido intranquilidade ao setor, sendo agravadas pela compreens&iacute;vel indefini&ccedil;&atilde;o quanto aos nomes que ser&atilde;o nomeados para a SAV &#8211; Secretaria do Audiovisual.<\/p>\n<p>Neste contexto, como um primeiro gesto de aproxima&ccedil;&atilde;o e visando criar as condi&ccedil;&otilde;es para que o desej&aacute;vel e permanente di&aacute;logo entre Governo e Sociedade Civil, tenha continuidade, solicitamos que Vossa Excel&ecirc;ncia se digne a receber em audi&ecirc;ncia, dentro do menor prazo poss&iacute;vel, uma comiss&atilde;o formada por diretores e membros de nosso conselho consultivo.<\/p>\n<p>Certos da aten&ccedil;&atilde;o de Vossa Excel&ecirc;ncia, renovamos nossos votos de estima e considera&ccedil;&atilde;o e do mais pleno sucesso desta gest&atilde;o que se in&iacute;cia.<\/p>\n<p>Atenciosamente,<\/p>\n<p>Pela Diretoria<br \/>Rosemberg Cariry<br \/>Presidente do CBC &#8211; Congresso Brasileiro de Cinema Da Reda&ccedil;&atilde;o. <\/span><\/p>\n<p>&nbsp;<\/p>\n","protected":false},"excerpt":{"rendered":"<p>Em carta aberta enviada &agrave; ministra da Cultura, Ana de Hollanda, o CBC (Congresso Brasileiro de Cinema) d&aacute; boas vindas &agrave; nova ministra, envia as resolu&ccedil;&otilde;es do VIII CBC &#8211; Congresso Brasileiro de Cinema e do Audiovisual, realizado em setembro do ano passado e cobra participa&ccedil;&atilde;o na defini&ccedil;&atilde;o da estrutura de formula&ccedil;&atilde;o das pol&iacute;ticas voltadas &hellip; <a href=\"https:\/\/obscom.intervozes.org.br\/?p=25262\" class=\"more-link\">Continue lendo <span class=\"screen-reader-text\">CBC pede participa\u00e7\u00e3o na discuss\u00e3o sobre a estrutura de pol\u00edtica audiovisual no MinC<\/span> <span class=\"meta-nav\">&rarr;<\/span><\/a><\/p>\n","protected":false},"author":1,"featured_media":0,"comment_status":"open","ping_status":"open","sticky":false,"template":"","format":"standard","meta":{"footnotes":""},"categories":[40],"tags":[190],"_links":{"self":[{"href":"https:\/\/obscom.intervozes.org.br\/index.php?rest_route=\/wp\/v2\/posts\/25262"}],"collection":[{"href":"https:\/\/obscom.intervozes.org.br\/index.php?rest_route=\/wp\/v2\/posts"}],"about":[{"href":"https:\/\/obscom.intervozes.org.br\/index.php?rest_route=\/wp\/v2\/types\/post"}],"author":[{"embeddable":true,"href":"https:\/\/obscom.intervozes.org.br\/index.php?rest_route=\/wp\/v2\/users\/1"}],"replies":[{"embeddable":true,"href":"https:\/\/obscom.intervozes.org.br\/index.php?rest_route=%2Fwp%2Fv2%2Fcomments&post=25262"}],"version-history":[{"count":0,"href":"https:\/\/obscom.intervozes.org.br\/index.php?rest_route=\/wp\/v2\/posts\/25262\/revisions"}],"wp:attachment":[{"href":"https:\/\/obscom.intervozes.org.br\/index.php?rest_route=%2Fwp%2Fv2%2Fmedia&parent=25262"}],"wp:term":[{"taxonomy":"category","embeddable":true,"href":"https:\/\/obscom.intervozes.org.br\/index.php?rest_route=%2Fwp%2Fv2%2Fcategories&post=25262"},{"taxonomy":"post_tag","embeddable":true,"href":"https:\/\/obscom.intervozes.org.br\/index.php?rest_route=%2Fwp%2Fv2%2Ftags&post=25262"}],"curies":[{"name":"wp","href":"https:\/\/api.w.org\/{rel}","templated":true}]}}