{"id":25260,"date":"2011-01-20T16:27:58","date_gmt":"2011-01-20T16:27:58","guid":{"rendered":"https:\/\/obscom.intervozes.org.br\/wordpress\/?p=25260"},"modified":"2011-01-20T16:27:58","modified_gmt":"2011-01-20T16:27:58","slug":"tem-inicio-o-vii-congresso-nacional-das-radios-comunitarias","status":"publish","type":"post","link":"https:\/\/obscom.intervozes.org.br\/?p=25260","title":{"rendered":"Tem in\u00edcio o VII Congresso Nacional das R\u00e1dios Comunit\u00e1rias"},"content":{"rendered":"<p><span class=\"padrao\">Tem in&iacute;cio hoje, &agrave;s 14 horas (hor&aacute;rio de Bras&iacute;lia), no audit&oacute;rio do Museu Nacional, logo ap&oacute;s a aprova&ccedil;&atilde;o do Regimento Interno e a instala&ccedil;&atilde;o da Mesa Coordenadora e a Comiss&atilde;o Eleitoral, o VII Congresso Nacional da Associa&ccedil;&atilde;o Brasileira de Radiodifus&atilde;o Comunit&aacute;ria (Abra&ccedil;o) que traz como novidade nesta edi&ccedil;&atilde;o o Coletivo Nacional de Mulheres das Radcom&acute;s do Brasil, estando previsto, inclusive, um debate sobre a participa&ccedil;&atilde;o pol&iacute;tica as mulheres e a incorpora&ccedil;&atilde;o das quest&otilde;es de g&ecirc;nero, ra&ccedil;a e etnia nas programa&ccedil;&otilde;es das r&aacute;dios comunit&aacute;rias, sob a responsabilidade da &ldquo;ONU Mulheres&rdquo;.<\/p>\n<p>O VII Congresso da Abra&ccedil;o, que tem encerramento programado para as 20 horas de amanh&atilde; (21) logo ap&oacute;s a posse da nova Dire&ccedil;&atilde;o Executiva Nacional e dos Conselhos Fiscal e de &Eacute;tica, ter&aacute; a participa&ccedil;&atilde;o de delegados de 23 Estados mais o Distrito Federal, um universo de cerca de 400 pessoas que, al&eacute;m de eleger os novos diretores e conselheiros, estar&atilde;o discutindo, entre outros temas, o papel das Radcom&acute;s na constru&ccedil;&atilde;o de uma comunica&ccedil;&atilde;o democr&aacute;tica no Brasil; na valoriza&ccedil;&atilde;o da cultura local, a quest&atilde;o de g&ecirc;nero e a participa&ccedil;&atilde;o das mulheres; grade de programa&ccedil;&atilde;o; software livre e inclus&atilde;o digital.<\/p>\n<p>A diretoria da Abra&ccedil;o Nacional informa tamb&eacute;m j&aacute; est&aacute; confirmada a presen&ccedil;a de parlamentares federais como a deputada federal Luiza Erundina e de v&aacute;rias autoridades ligadas aos setores de comunica&ccedil;&atilde;o, inclus&atilde;o social, ci&ecirc;ncias e tecnologias, al&eacute;m de representantes de movimentos sociais como o MST, FNDC, Intervozes.<\/p>\n<p>O VII Congresso Nacional da Associa&ccedil;&atilde;o Brasileira de Radiodifus&atilde;o Comunit&aacute;ria &eacute; uma produ&ccedil;&atilde;o da Ag&ecirc;ncia Abra&ccedil;o com o apoio do Minist&eacute;rio da Ci&ecirc;ncia e Tecnologia, Funda&ccedil;&atilde;o Banco do Brasil, Conselho Federal de Psicologia, CUT,ONU Mulhers, Embrapa e Sindicato do Professores do Distrito Federal.<\/span><\/p>\n","protected":false},"excerpt":{"rendered":"<p>Tem in&iacute;cio hoje, &agrave;s 14 horas (hor&aacute;rio de Bras&iacute;lia), no audit&oacute;rio do Museu Nacional, logo ap&oacute;s a aprova&ccedil;&atilde;o do Regimento Interno e a instala&ccedil;&atilde;o da Mesa Coordenadora e a Comiss&atilde;o Eleitoral, o VII Congresso Nacional da Associa&ccedil;&atilde;o Brasileira de Radiodifus&atilde;o Comunit&aacute;ria (Abra&ccedil;o) que traz como novidade nesta edi&ccedil;&atilde;o o Coletivo Nacional de Mulheres das Radcom&acute;s &hellip; <a href=\"https:\/\/obscom.intervozes.org.br\/?p=25260\" class=\"more-link\">Continue lendo <span class=\"screen-reader-text\">Tem in\u00edcio o VII Congresso Nacional das R\u00e1dios Comunit\u00e1rias<\/span> <span class=\"meta-nav\">&rarr;<\/span><\/a><\/p>\n","protected":false},"author":1,"featured_media":0,"comment_status":"open","ping_status":"open","sticky":false,"template":"","format":"standard","meta":{"footnotes":""},"categories":[40],"tags":[133],"_links":{"self":[{"href":"https:\/\/obscom.intervozes.org.br\/index.php?rest_route=\/wp\/v2\/posts\/25260"}],"collection":[{"href":"https:\/\/obscom.intervozes.org.br\/index.php?rest_route=\/wp\/v2\/posts"}],"about":[{"href":"https:\/\/obscom.intervozes.org.br\/index.php?rest_route=\/wp\/v2\/types\/post"}],"author":[{"embeddable":true,"href":"https:\/\/obscom.intervozes.org.br\/index.php?rest_route=\/wp\/v2\/users\/1"}],"replies":[{"embeddable":true,"href":"https:\/\/obscom.intervozes.org.br\/index.php?rest_route=%2Fwp%2Fv2%2Fcomments&post=25260"}],"version-history":[{"count":0,"href":"https:\/\/obscom.intervozes.org.br\/index.php?rest_route=\/wp\/v2\/posts\/25260\/revisions"}],"wp:attachment":[{"href":"https:\/\/obscom.intervozes.org.br\/index.php?rest_route=%2Fwp%2Fv2%2Fmedia&parent=25260"}],"wp:term":[{"taxonomy":"category","embeddable":true,"href":"https:\/\/obscom.intervozes.org.br\/index.php?rest_route=%2Fwp%2Fv2%2Fcategories&post=25260"},{"taxonomy":"post_tag","embeddable":true,"href":"https:\/\/obscom.intervozes.org.br\/index.php?rest_route=%2Fwp%2Fv2%2Ftags&post=25260"}],"curies":[{"name":"wp","href":"https:\/\/api.w.org\/{rel}","templated":true}]}}