{"id":25257,"date":"2011-01-19T15:44:22","date_gmt":"2011-01-19T15:44:22","guid":{"rendered":"https:\/\/obscom.intervozes.org.br\/wordpress\/?p=25257"},"modified":"2011-01-19T15:44:22","modified_gmt":"2011-01-19T15:44:22","slug":"ebc-lanca-edital-para-a-selecao-de-curtas-metragens","status":"publish","type":"post","link":"https:\/\/obscom.intervozes.org.br\/?p=25257","title":{"rendered":"EBC lan\u00e7a edital para a sele\u00e7\u00e3o de curtas-metragens"},"content":{"rendered":"<p><strong>Reda&ccedil;&atilde;o &#8211; PAY-TV<\/strong><\/p>\n<p>A EBC lan&ccedil;ou o edital de chamada p&uacute;blica para cadastramento, sele&ccedil;&atilde;o e licenciamento de curtas-metragens de fic&ccedil;&atilde;o, document&aacute;rio ou anima&ccedil;&atilde;o. As inscri&ccedil;&otilde;es, abertas at&eacute; o final de fevereiro, s&atilde;o para filmes de curta-metragem com at&eacute; 30 minutos de dura&ccedil;&atilde;o, produzidos em qualquer &eacute;poca, j&aacute; licenciados ou n&atilde;o pela EBC. O cadastramento estar&aacute; limitado a uma obra para cada pessoa f&iacute;sica, tr&ecirc;s para empresa produtora, e dez para empresa distribuidora. Este &eacute; o segundo de uma s&eacute;rie de tr&ecirc;s editais para licenciamento de obras a serem exibidas pela TV Brasil. O primeiro edital lan&ccedil;ado foi para longa-metragem de fic&ccedil;&atilde;o, com ou sem uso de t&eacute;cnicas de anima&ccedil;&atilde;o. A pr&oacute;xima chamada p&uacute;blica ser&aacute; para document&aacute;rios de longa-metragem. Mais informa&ccedil;&otilde;es e inscri&ccedil;&otilde;es <a href=\"http:\/\/www.tvbrasil.org.br.\">no site da TV<\/a> <\/p>\n","protected":false},"excerpt":{"rendered":"<p>Reda&ccedil;&atilde;o &#8211; PAY-TV A EBC lan&ccedil;ou o edital de chamada p&uacute;blica para cadastramento, sele&ccedil;&atilde;o e licenciamento de curtas-metragens de fic&ccedil;&atilde;o, document&aacute;rio ou anima&ccedil;&atilde;o. As inscri&ccedil;&otilde;es, abertas at&eacute; o final de fevereiro, s&atilde;o para filmes de curta-metragem com at&eacute; 30 minutos de dura&ccedil;&atilde;o, produzidos em qualquer &eacute;poca, j&aacute; licenciados ou n&atilde;o pela EBC. O cadastramento estar&aacute; &hellip; <a href=\"https:\/\/obscom.intervozes.org.br\/?p=25257\" class=\"more-link\">Continue lendo <span class=\"screen-reader-text\">EBC lan\u00e7a edital para a sele\u00e7\u00e3o de curtas-metragens<\/span> <span class=\"meta-nav\">&rarr;<\/span><\/a><\/p>\n","protected":false},"author":1,"featured_media":0,"comment_status":"open","ping_status":"open","sticky":false,"template":"","format":"standard","meta":{"footnotes":""},"categories":[39],"tags":[],"_links":{"self":[{"href":"https:\/\/obscom.intervozes.org.br\/index.php?rest_route=\/wp\/v2\/posts\/25257"}],"collection":[{"href":"https:\/\/obscom.intervozes.org.br\/index.php?rest_route=\/wp\/v2\/posts"}],"about":[{"href":"https:\/\/obscom.intervozes.org.br\/index.php?rest_route=\/wp\/v2\/types\/post"}],"author":[{"embeddable":true,"href":"https:\/\/obscom.intervozes.org.br\/index.php?rest_route=\/wp\/v2\/users\/1"}],"replies":[{"embeddable":true,"href":"https:\/\/obscom.intervozes.org.br\/index.php?rest_route=%2Fwp%2Fv2%2Fcomments&post=25257"}],"version-history":[{"count":0,"href":"https:\/\/obscom.intervozes.org.br\/index.php?rest_route=\/wp\/v2\/posts\/25257\/revisions"}],"wp:attachment":[{"href":"https:\/\/obscom.intervozes.org.br\/index.php?rest_route=%2Fwp%2Fv2%2Fmedia&parent=25257"}],"wp:term":[{"taxonomy":"category","embeddable":true,"href":"https:\/\/obscom.intervozes.org.br\/index.php?rest_route=%2Fwp%2Fv2%2Fcategories&post=25257"},{"taxonomy":"post_tag","embeddable":true,"href":"https:\/\/obscom.intervozes.org.br\/index.php?rest_route=%2Fwp%2Fv2%2Ftags&post=25257"}],"curies":[{"name":"wp","href":"https:\/\/api.w.org\/{rel}","templated":true}]}}