{"id":25256,"date":"2011-01-19T15:34:57","date_gmt":"2011-01-19T15:34:57","guid":{"rendered":"https:\/\/obscom.intervozes.org.br\/wordpress\/?p=25256"},"modified":"2011-01-19T15:34:57","modified_gmt":"2011-01-19T15:34:57","slug":"regulacao-da-comunicacao-social-em-portugal-suscita-discussoes-sobre-pressoes-a-jornalistas","status":"publish","type":"post","link":"https:\/\/obscom.intervozes.org.br\/?p=25256","title":{"rendered":"Regula\u00e7\u00e3o da Comunica\u00e7\u00e3o Social em Portugal suscita discuss\u00f5es sobre press\u00f5es a jornalistas"},"content":{"rendered":"<p><span class=\"padrao\"><strong>Reda&ccedil;&atilde;o &#8211; Portal Imprensa<\/strong><\/p>\n<p>O Bloco de Esquerda de Portugal acusou a C&acirc;mara do Porto de usar seu site para fazer press&atilde;o sobre jornalistas e pediu a interven&ccedil;&atilde;o do &oacute;rg&atilde;o na Entidade Reguladora para a Comunica&ccedil;&atilde;o Social (ERC). Em requerimento o Bloco de Esquerda aponta que o texto publicado no site da C&acirc;mara ataca pessoalmente o jornalista Amilcar Correia, editor da se&ccedil;&atilde;o do Jornal P&uacute;blico de Porto. &quot;Trata-se de um texto em tom jocoso em que, sem apresentar quaisquer fatos, se ataca pessoalmente o jornalista&quot;.<\/p>\n<p>O Bloco tamb&eacute;m afirmou que tal atitude vem acontecendo por v&aacute;rias vezes e que o texto em tom de amea&ccedil;a ao jornalista contraria as advert&ecirc;ncias da entidade em sua delibera&ccedil;&atilde;o, fazendo uso indevido de seu Portal de Not&iacute;cias. O debate segue acalorado no pa&iacute;s em fun&ccedil;&atilde;o das discuss&otilde;es sobre um novo modelo de regula&ccedil;&atilde;o da comunica&ccedil;&atilde;o social. Ontem a Associa&ccedil;&atilde;o dos Operadores de Telecomunica&ccedil;&otilde;es de Portugal (Apritel) divulgou que defende o posicionamento de que &quot;devem ser estudados ajustes ao atual modelo regulat&oacute;rio do setor no pa&iacute;s.<\/span><\/p>\n<p>&nbsp;<\/p>\n","protected":false},"excerpt":{"rendered":"<p>Reda&ccedil;&atilde;o &#8211; Portal Imprensa O Bloco de Esquerda de Portugal acusou a C&acirc;mara do Porto de usar seu site para fazer press&atilde;o sobre jornalistas e pediu a interven&ccedil;&atilde;o do &oacute;rg&atilde;o na Entidade Reguladora para a Comunica&ccedil;&atilde;o Social (ERC). Em requerimento o Bloco de Esquerda aponta que o texto publicado no site da C&acirc;mara ataca pessoalmente &hellip; <a href=\"https:\/\/obscom.intervozes.org.br\/?p=25256\" class=\"more-link\">Continue lendo <span class=\"screen-reader-text\">Regula\u00e7\u00e3o da Comunica\u00e7\u00e3o Social em Portugal suscita discuss\u00f5es sobre press\u00f5es a jornalistas<\/span> <span class=\"meta-nav\">&rarr;<\/span><\/a><\/p>\n","protected":false},"author":1,"featured_media":0,"comment_status":"open","ping_status":"open","sticky":false,"template":"","format":"standard","meta":{"footnotes":""},"categories":[39],"tags":[],"_links":{"self":[{"href":"https:\/\/obscom.intervozes.org.br\/index.php?rest_route=\/wp\/v2\/posts\/25256"}],"collection":[{"href":"https:\/\/obscom.intervozes.org.br\/index.php?rest_route=\/wp\/v2\/posts"}],"about":[{"href":"https:\/\/obscom.intervozes.org.br\/index.php?rest_route=\/wp\/v2\/types\/post"}],"author":[{"embeddable":true,"href":"https:\/\/obscom.intervozes.org.br\/index.php?rest_route=\/wp\/v2\/users\/1"}],"replies":[{"embeddable":true,"href":"https:\/\/obscom.intervozes.org.br\/index.php?rest_route=%2Fwp%2Fv2%2Fcomments&post=25256"}],"version-history":[{"count":0,"href":"https:\/\/obscom.intervozes.org.br\/index.php?rest_route=\/wp\/v2\/posts\/25256\/revisions"}],"wp:attachment":[{"href":"https:\/\/obscom.intervozes.org.br\/index.php?rest_route=%2Fwp%2Fv2%2Fmedia&parent=25256"}],"wp:term":[{"taxonomy":"category","embeddable":true,"href":"https:\/\/obscom.intervozes.org.br\/index.php?rest_route=%2Fwp%2Fv2%2Fcategories&post=25256"},{"taxonomy":"post_tag","embeddable":true,"href":"https:\/\/obscom.intervozes.org.br\/index.php?rest_route=%2Fwp%2Fv2%2Ftags&post=25256"}],"curies":[{"name":"wp","href":"https:\/\/api.w.org\/{rel}","templated":true}]}}