{"id":25248,"date":"2011-01-17T14:37:11","date_gmt":"2011-01-17T14:37:11","guid":{"rendered":"https:\/\/obscom.intervozes.org.br\/wordpress\/?p=25248"},"modified":"2011-01-17T14:37:11","modified_gmt":"2011-01-17T14:37:11","slug":"lygia-pupatto-devera-ser-a-secretaria-de-inclusao-digital-do-minicom","status":"publish","type":"post","link":"https:\/\/obscom.intervozes.org.br\/?p=25248","title":{"rendered":"Lygia Pupatto dever\u00e1 ser a secret\u00e1ria de Inclus\u00e3o Digital do Minicom"},"content":{"rendered":"<p><span class=\"padrao\"><strong>Reda&ccedil;&atilde;o &#8211;&nbsp; Tele S&iacute;ntese<\/strong><\/p>\n<p>ntre os nomes poss&iacute;veis para assumir a futura Secretaria de Inclus&atilde;o Digital do Minist&eacute;rio das Comunica&ccedil;&otilde;es, o mais prov&aacute;vel &eacute; o de Lygia Pupatto, secret&aacute;ria de Estado da Ci&ecirc;ncia, Tecnologia e Ensino Superior do Paran&aacute; (estado do ministro Paulo Bernardo) entre 2006 e 2010, quando criou o programa de extens&atilde;o universit&aacute;ria Universidade Sem Fronteiras. Ela tamb&eacute;m foi reitora da Universidade de Londrina.<\/p>\n<p>Petista, ela foi deputada na d&eacute;cada de 90 e candidata a deputada estadual pelo Paran&aacute;, em 2010 &ndash; recebeu 24.380 votos, mas n&atilde;o foi eleita. Entre seus compromissos de campanha estavam a defesa de uma educa&ccedil;&atilde;o p&uacute;blica de qualidade e a luta pelo acesso &agrave; tecnologia e &agrave; &quot;inova&ccedil;&atilde;o para as micro e pequenas empresas como tamb&eacute;m para a agricultura familiar&quot;. N&atilde;o havia, no entanto, nada diretamente relativo a inclus&atilde;o digital.<\/p>\n<p>A indica&ccedil;&atilde;o efetiva depende da publica&ccedil;&atilde;o de um decreto com a nova estrutura do Minist&eacute;rio das Comunica&ccedil;&otilde;es, onde a Secretaria de Inclus&atilde;o Digital ainda n&atilde;o existe. Este decreto, em prepara&ccedil;&atilde;o pela Casa Civil, ser&aacute; um s&oacute;, com todas as altera&ccedil;&otilde;es de estruturas dos minist&eacute;rios, e a expectativa &eacute; que ele seja publicado at&eacute; o final do m&ecirc;s. <br \/><\/span><\/p>\n","protected":false},"excerpt":{"rendered":"<p>Reda&ccedil;&atilde;o &#8211;&nbsp; Tele S&iacute;ntese ntre os nomes poss&iacute;veis para assumir a futura Secretaria de Inclus&atilde;o Digital do Minist&eacute;rio das Comunica&ccedil;&otilde;es, o mais prov&aacute;vel &eacute; o de Lygia Pupatto, secret&aacute;ria de Estado da Ci&ecirc;ncia, Tecnologia e Ensino Superior do Paran&aacute; (estado do ministro Paulo Bernardo) entre 2006 e 2010, quando criou o programa de extens&atilde;o universit&aacute;ria &hellip; <a href=\"https:\/\/obscom.intervozes.org.br\/?p=25248\" class=\"more-link\">Continue lendo <span class=\"screen-reader-text\">Lygia Pupatto dever\u00e1 ser a secret\u00e1ria de Inclus\u00e3o Digital do Minicom<\/span> <span class=\"meta-nav\">&rarr;<\/span><\/a><\/p>\n","protected":false},"author":1,"featured_media":0,"comment_status":"open","ping_status":"open","sticky":false,"template":"","format":"standard","meta":{"footnotes":""},"categories":[39],"tags":[],"_links":{"self":[{"href":"https:\/\/obscom.intervozes.org.br\/index.php?rest_route=\/wp\/v2\/posts\/25248"}],"collection":[{"href":"https:\/\/obscom.intervozes.org.br\/index.php?rest_route=\/wp\/v2\/posts"}],"about":[{"href":"https:\/\/obscom.intervozes.org.br\/index.php?rest_route=\/wp\/v2\/types\/post"}],"author":[{"embeddable":true,"href":"https:\/\/obscom.intervozes.org.br\/index.php?rest_route=\/wp\/v2\/users\/1"}],"replies":[{"embeddable":true,"href":"https:\/\/obscom.intervozes.org.br\/index.php?rest_route=%2Fwp%2Fv2%2Fcomments&post=25248"}],"version-history":[{"count":0,"href":"https:\/\/obscom.intervozes.org.br\/index.php?rest_route=\/wp\/v2\/posts\/25248\/revisions"}],"wp:attachment":[{"href":"https:\/\/obscom.intervozes.org.br\/index.php?rest_route=%2Fwp%2Fv2%2Fmedia&parent=25248"}],"wp:term":[{"taxonomy":"category","embeddable":true,"href":"https:\/\/obscom.intervozes.org.br\/index.php?rest_route=%2Fwp%2Fv2%2Fcategories&post=25248"},{"taxonomy":"post_tag","embeddable":true,"href":"https:\/\/obscom.intervozes.org.br\/index.php?rest_route=%2Fwp%2Fv2%2Ftags&post=25248"}],"curies":[{"name":"wp","href":"https:\/\/api.w.org\/{rel}","templated":true}]}}