{"id":25247,"date":"2011-01-17T12:37:18","date_gmt":"2011-01-17T12:37:18","guid":{"rendered":"https:\/\/obscom.intervozes.org.br\/wordpress\/?p=25247"},"modified":"2011-01-17T12:37:18","modified_gmt":"2011-01-17T12:37:18","slug":"ministerio-prepara-reuniao-com-anatel-para-fechar-posicoes-sobre-metas-tcu-deve-participar","status":"publish","type":"post","link":"https:\/\/obscom.intervozes.org.br\/?p=25247","title":{"rendered":"Minist\u00e9rio prepara reuni\u00e3o com Anatel para fechar posi\u00e7\u00f5es sobre metas; TCU deve participar"},"content":{"rendered":"<p><span class=\"padrao\">O ministro das Comunica&ccedil;&otilde;es Paulo Bernardo disse a este notici&aacute;rio que nos pr&oacute;ximos dias, assim que terminar o recesso dos conselheiros da Anatel, deve marcar uma reuni&atilde;o com o comando da ag&ecirc;ncia para definir a estrat&eacute;gia de negocia&ccedil;&atilde;o com as empresas de telecomunica&ccedil;&otilde;es em torno do Plano Geral de Metas de Universaliza&ccedil;&atilde;o (PGMUIII). Uma novidade &eacute; que esta reuni&atilde;o deve ter a opini&atilde;o de alguns &oacute;rg&atilde;os externos. &ldquo;Vou pedir para o Tribunal de Contas da Uni&atilde;o tamb&eacute;m participar dessa discuss&atilde;o, porque eles est&atilde;o acompanhando o assunto&rdquo;, disse Bernardo. A ideia, segundo ele, &eacute; que haja uma posi&ccedil;&atilde;o definitiva sobre o tema. Confrontado com o fato de que a pr&oacute;pria Anatel mostrou muitas diverg&ecirc;ncias internas sobre a quest&atilde;o do PGMU, Bernardo disse que isso &eacute; normal e que muitos podem ter opini&atilde;o, mas que &ldquo;o importante &eacute; a gente sair com um discurso fechado&rdquo;. Para Paulo Bernardo, o importante agora &eacute; encontrar uma solu&ccedil;&atilde;o juridicamente poss&iacute;vel dentro da regulamenta&ccedil;&atilde;o atual, mas ele n&atilde;o descarta a hip&oacute;tese de, no futuro, pensar em uma pol&iacute;tica de universaliza&ccedil;&atilde;o da banda larga mais ampla. At&eacute; porque, nesse momento, o ministro prefere ser cuidadoso e tratar o tema apenas como massifica&ccedil;&atilde;o da banda larga.<\/p>\n<p>Ele explicou que esta semana, na reuni&atilde;o que teve com a Oi, j&aacute; sinalizou que a negocia&ccedil;&atilde;o do PGMU tratar&aacute; de banda larga. &ldquo;Foi a primeira reuni&atilde;o com uma empresa. Na pr&oacute;xima semana teremos outras. O que eu disse a eles &eacute; que queremos tratar da banda larga tamb&eacute;m&rdquo;, revelou a este notici&aacute;rio.<\/p>\n<p><strong>Telebr&aacute;s<\/strong><\/p>\n<p>Paulo Bernardo lembrou tamb&eacute;m que acompanha a discuss&atilde;o do PNBL h&aacute; muito tempo e que esse &eacute; um projeto sobre o qual a presidenta Dilma Rousseff tem pleno dom&iacute;nio, e n&atilde;o precisa mais ser convencida da import&acirc;ncia. &ldquo;H&aacute; uns dois anos, quando fechamos no Planejamento o projeto de uma rede de banda larga para uso do governo, fui falar com a ent&atilde;o ministra Dilma e depois levei o Rog&eacute;rio (Santanna) para uma reuni&atilde;o com ela&rdquo;, disse. O projeto do Planejamento se somou a outras discuss&otilde;es que j&aacute; existiam e nasceu o PNBL, explica.<\/p>\n<p>As restri&ccedil;&otilde;es or&ccedil;ament&aacute;rias a que a Telebr&aacute;s est&aacute; submetida, diz o ministro, n&atilde;o devem atrapalhar os trabalhos da Telebr&aacute;s. &ldquo;At&eacute; porque ela vai fazer parcerias. O importante &eacute; que precisamos de banda larga melhor, mais barata e precisamos disso r&aacute;pido&rdquo;, afirmou. &ldquo;N&atilde;o importa a cor do gato, desde que ele cace o rato&rdquo;.<\/span><\/p>\n","protected":false},"excerpt":{"rendered":"<p>O ministro das Comunica&ccedil;&otilde;es Paulo Bernardo disse a este notici&aacute;rio que nos pr&oacute;ximos dias, assim que terminar o recesso dos conselheiros da Anatel, deve marcar uma reuni&atilde;o com o comando da ag&ecirc;ncia para definir a estrat&eacute;gia de negocia&ccedil;&atilde;o com as empresas de telecomunica&ccedil;&otilde;es em torno do Plano Geral de Metas de Universaliza&ccedil;&atilde;o (PGMUIII). Uma novidade &hellip; <a href=\"https:\/\/obscom.intervozes.org.br\/?p=25247\" class=\"more-link\">Continue lendo <span class=\"screen-reader-text\">Minist\u00e9rio prepara reuni\u00e3o com Anatel para fechar posi\u00e7\u00f5es sobre metas; TCU deve participar<\/span> <span class=\"meta-nav\">&rarr;<\/span><\/a><\/p>\n","protected":false},"author":1,"featured_media":0,"comment_status":"open","ping_status":"open","sticky":false,"template":"","format":"standard","meta":{"footnotes":""},"categories":[40],"tags":[720],"_links":{"self":[{"href":"https:\/\/obscom.intervozes.org.br\/index.php?rest_route=\/wp\/v2\/posts\/25247"}],"collection":[{"href":"https:\/\/obscom.intervozes.org.br\/index.php?rest_route=\/wp\/v2\/posts"}],"about":[{"href":"https:\/\/obscom.intervozes.org.br\/index.php?rest_route=\/wp\/v2\/types\/post"}],"author":[{"embeddable":true,"href":"https:\/\/obscom.intervozes.org.br\/index.php?rest_route=\/wp\/v2\/users\/1"}],"replies":[{"embeddable":true,"href":"https:\/\/obscom.intervozes.org.br\/index.php?rest_route=%2Fwp%2Fv2%2Fcomments&post=25247"}],"version-history":[{"count":0,"href":"https:\/\/obscom.intervozes.org.br\/index.php?rest_route=\/wp\/v2\/posts\/25247\/revisions"}],"wp:attachment":[{"href":"https:\/\/obscom.intervozes.org.br\/index.php?rest_route=%2Fwp%2Fv2%2Fmedia&parent=25247"}],"wp:term":[{"taxonomy":"category","embeddable":true,"href":"https:\/\/obscom.intervozes.org.br\/index.php?rest_route=%2Fwp%2Fv2%2Fcategories&post=25247"},{"taxonomy":"post_tag","embeddable":true,"href":"https:\/\/obscom.intervozes.org.br\/index.php?rest_route=%2Fwp%2Fv2%2Ftags&post=25247"}],"curies":[{"name":"wp","href":"https:\/\/api.w.org\/{rel}","templated":true}]}}