{"id":25246,"date":"2011-01-14T17:19:43","date_gmt":"2011-01-14T17:19:43","guid":{"rendered":"https:\/\/obscom.intervozes.org.br\/wordpress\/?p=25246"},"modified":"2011-01-14T17:19:43","modified_gmt":"2011-01-14T17:19:43","slug":"stf-pede-posicao-do-congresso-sobre-monopolio-na-comunicacao","status":"publish","type":"post","link":"https:\/\/obscom.intervozes.org.br\/?p=25246","title":{"rendered":"STF pede posi\u00e7\u00e3o do Congresso sobre monop\u00f3lio na comunica\u00e7\u00e3o"},"content":{"rendered":"<p><span class=\"padrao\">O Supremo Tribunal Federal (STF) abriu vistas para manifesta&ccedil;&otilde;es do Congresso Nacional, da Advocacia-Geral da Uni&atilde;o e da Procuradoria-Geral da Rep&uacute;blica sobre a A&ccedil;&atilde;o Direta de Inconstitucionalidade por Omiss&atilde;o (ADO) 10, encaminhada pelo PSol. A a&ccedil;&atilde;o pede que o STF determine ao Congresso Nacional a regulamenta&ccedil;&atilde;o de tr&ecirc;s artigos da Constitui&ccedil;&atilde;o Federal (220, 221 e 223), relativos &agrave; proibi&ccedil;&atilde;o do monop&oacute;lio e do oligop&oacute;lio na comunica&ccedil;&atilde;o, o cumprimento de princ&iacute;pios que devem nortear a programa&ccedil;&atilde;o em r&aacute;dio e TV, al&eacute;m da regula&ccedil;&atilde;o do direito de resposta.<\/p>\n<p>No despacho encaminhado no final do ano passado, a ministra Ellen Graice determinou a solicita&ccedil;&atilde;o de informa&ccedil;&otilde;es ao Congresso Nacional, &ldquo;que poder&atilde;o ser prestadas no prazo de 30 dias&rdquo;. Determinou, tamb&eacute;m, que, recebidas as informa&ccedil;&otilde;es ou transcorrido o prazo, &ldquo;abra-se vista sucessiva ao Advogado-Geral da Uni&atilde;o e ao procurador-geral da Rep&uacute;blica, para que se manifestem, cada qual, no prazo de 15 dias&rdquo;.<\/p>\n<p>Signat&aacute;rio do processo, o jurista F&aacute;bio Konder Comparato sustenta que, para o aprofundamento da democracia no Brasil, &eacute; necess&aacute;rio que os meios de comunica&ccedil;&atilde;o sejam &ldquo;utilizados pelo povo como seus canais de comunica&ccedil;&atilde;o e n&atilde;o apropriados por grandes empres&aacute;rios, que deles se utilizam exclusivamente em seu pr&oacute;prio interesse e benef&iacute;cio&rdquo;.<\/span><\/p>\n<p>&nbsp;<\/p>\n","protected":false},"excerpt":{"rendered":"<p>O Supremo Tribunal Federal (STF) abriu vistas para manifesta&ccedil;&otilde;es do Congresso Nacional, da Advocacia-Geral da Uni&atilde;o e da Procuradoria-Geral da Rep&uacute;blica sobre a A&ccedil;&atilde;o Direta de Inconstitucionalidade por Omiss&atilde;o (ADO) 10, encaminhada pelo PSol. A a&ccedil;&atilde;o pede que o STF determine ao Congresso Nacional a regulamenta&ccedil;&atilde;o de tr&ecirc;s artigos da Constitui&ccedil;&atilde;o Federal (220, 221 e &hellip; <a href=\"https:\/\/obscom.intervozes.org.br\/?p=25246\" class=\"more-link\">Continue lendo <span class=\"screen-reader-text\">STF pede posi\u00e7\u00e3o do Congresso sobre monop\u00f3lio na comunica\u00e7\u00e3o<\/span> <span class=\"meta-nav\">&rarr;<\/span><\/a><\/p>\n","protected":false},"author":1,"featured_media":0,"comment_status":"open","ping_status":"open","sticky":false,"template":"","format":"standard","meta":{"footnotes":""},"categories":[40],"tags":[1474],"_links":{"self":[{"href":"https:\/\/obscom.intervozes.org.br\/index.php?rest_route=\/wp\/v2\/posts\/25246"}],"collection":[{"href":"https:\/\/obscom.intervozes.org.br\/index.php?rest_route=\/wp\/v2\/posts"}],"about":[{"href":"https:\/\/obscom.intervozes.org.br\/index.php?rest_route=\/wp\/v2\/types\/post"}],"author":[{"embeddable":true,"href":"https:\/\/obscom.intervozes.org.br\/index.php?rest_route=\/wp\/v2\/users\/1"}],"replies":[{"embeddable":true,"href":"https:\/\/obscom.intervozes.org.br\/index.php?rest_route=%2Fwp%2Fv2%2Fcomments&post=25246"}],"version-history":[{"count":0,"href":"https:\/\/obscom.intervozes.org.br\/index.php?rest_route=\/wp\/v2\/posts\/25246\/revisions"}],"wp:attachment":[{"href":"https:\/\/obscom.intervozes.org.br\/index.php?rest_route=%2Fwp%2Fv2%2Fmedia&parent=25246"}],"wp:term":[{"taxonomy":"category","embeddable":true,"href":"https:\/\/obscom.intervozes.org.br\/index.php?rest_route=%2Fwp%2Fv2%2Fcategories&post=25246"},{"taxonomy":"post_tag","embeddable":true,"href":"https:\/\/obscom.intervozes.org.br\/index.php?rest_route=%2Fwp%2Fv2%2Ftags&post=25246"}],"curies":[{"name":"wp","href":"https:\/\/api.w.org\/{rel}","templated":true}]}}