{"id":25245,"date":"2011-01-14T15:36:31","date_gmt":"2011-01-14T15:36:31","guid":{"rendered":"https:\/\/obscom.intervozes.org.br\/wordpress\/?p=25245"},"modified":"2011-01-14T15:36:31","modified_gmt":"2011-01-14T15:36:31","slug":"programa-de-enxugamento-da-tv-cultura-preve-terceirizacao-de-producao-e-cortes","status":"publish","type":"post","link":"https:\/\/obscom.intervozes.org.br\/?p=25245","title":{"rendered":"Programa de enxugamento da TV Cultura prev\u00ea terceiriza\u00e7\u00e3o de produ\u00e7\u00e3o e cortes"},"content":{"rendered":"<p><span class=\"padrao\">O presidente da Funda&ccedil;&atilde;o Padre Anchieta, Jo&atilde;o Sayad, instalou um programa de enxugamento de atividades que n&atilde;o se relacionam &agrave; miss&atilde;o da TV e r&aacute;dio Cultura, geridas pela entidade. Entre as medidas, segundo a Folha.com, est&atilde;o a n&atilde;o renova&ccedil;&atilde;o de contratos com a TV Justi&ccedil;a e a TV Assembleia e a terceiriza&ccedil;&atilde;o da produ&ccedil;&atilde;o de programas da TV Cultura.<\/p>\n<p>Atualmente, a Funda&ccedil;&atilde;o est&aacute; sob amea&ccedil;a de acumular uma d&iacute;vida trabalhista de RS$ 160 milh&otilde;es &#8211; referente ao valor de a&ccedil;&otilde;es de ex-funcion&aacute;rios que est&atilde;o pleiteando na Justi&ccedil;a indeniza&ccedil;&atilde;o. Com o enxugamento, a meta &eacute; de que apenas 30% da programa&ccedil;&atilde;o &#8211; como as atra&ccedil;&otilde;es &quot;Roda Viva&quot;, &quot;Vitrine&quot; e os programas infantis &#8211; seja produzido pela equipe da Cultura. Al&eacute;m disso, com a n&atilde;o renova&ccedil;&atilde;o dos contratos com a TV Justi&ccedil;a e a TV Assembleia, cerca de 285 funcion&aacute;rios poder&atilde;o ser demitidos.<\/p>\n<p>Segundo a Folha.com, a decis&atilde;o est&aacute; alinhada &agrave; opini&atilde;o do secret&aacute;rio de Cultura de S&atilde;o Paulo, Andrea Matarazzo. A Cultura far&aacute; editais ainda este ano para comprar programas de produtoras independentes, e pretende usar recursos p&uacute;blicos, como o Fundo Setorial Audiovisual (FSA), e ampliar patroc&iacute;nios de empresas por meio de incentivo fiscal.<\/p>\n<p>O presidente da mantenedora da TV Cultura declarou que as medidas t&ecirc;m por objetivo concentrar o &quot;reduzido talento administrativo na telinha e no r&aacute;dio&quot;. Ao ser questionado sobre o fim dos contratos com a TV Justi&ccedil;a e a TV Assembleia, Sayad justificou dizendo que &quot;o foco da TV &eacute; o seu p&uacute;blico&quot;, e que as opera&ccedil;&otilde;es para colocar as duas emissoras no ar consomem a energia da equipe de produ&ccedil;&atilde;o e imp&otilde;em encargos trabalhistas.<\/p>\n<p>&quot;Essas outras atividades, que imagin&aacute;vamos dar uma margem [financeira], nos causam grandes problemas administrativos e trabalhistas&quot;, afirmou. Al&eacute;m disso, o aumento do passivo trabalhista, que pode chegar a R$ 160 milh&otilde;es caso a emissora perca a&ccedil;&otilde;es na Justi&ccedil;a, representa quase o dobro dos R$ 84 milh&otilde;es repassados pelo estado de S&atilde;o Paulo &agrave; Funda&ccedil;&atilde;o.<\/p>\n<p>Sobre as demiss&otilde;es de funcion&aacute;rios, Sayad declarou que eles n&atilde;o ficar&atilde;o desempregados, e que possivelmente ser&atilde;o incorporados &agrave;s novas equipes que produzir&atilde;o para a TV Assembleia e a TV Justi&ccedil;a. O presidente da gestora da TV Cultura contratou uma empresa de consultoria para regularizar a situa&ccedil;&atilde;o jur&iacute;dica dos empregados, que entre algumas medidas est&atilde;o a cria&ccedil;&atilde;o de um comit&ecirc; para avalia&ccedil;&atilde;o de contas e, at&eacute; mesmo, mudan&ccedil;as na ilumina&ccedil;&atilde;o.<\/p>\n<p>&quot;Estamos reprogramando a imagem fotogr&aacute;fica&quot;, explicou. &quot;H&aacute; uma reclama&ccedil;&atilde;o secular que a Cultura &eacute; escura. Sempre achei isso. Contratamos um iluminador e vamos faz&ecirc;-la clara, cheia de luz&quot;, disse.<\/p>\n<p>J&aacute; a programa&ccedil;&atilde;o da emissora ser&aacute; avaliada de acordo com crit&eacute;rios de custo, audi&ecirc;ncia, participa&ccedil;&atilde;o no n&uacute;mero de televisores ligados (share), repercuss&atilde;o e se as concorrentes t&ecirc;m ou n&atilde;o uma atra&ccedil;&atilde;o semelhante. A exclus&atilde;o de programas que n&atilde;o gerem &iacute;ndices de audi&ecirc;ncia acima de alguns par&acirc;metros n&atilde;o est&aacute; descartada por Sayad. Ele explicou que alguns programas eram inclu&iacute;dos na grade sem uma avalia&ccedil;&atilde;o pr&eacute;via, pelo fato de terem sido financiados por alguma empresa e por n&atilde;o gerarem custos ao canal.<\/p>\n<p>&quot;Depois da internet, o p&uacute;blico espec&iacute;fico n&atilde;o precisa ocupar hor&aacute;rio nobre da TV. Tenho preocupa&ccedil;&atilde;o com audi&ecirc;ncia&quot;, afirmou. &quot;&Eacute; um esfor&ccedil;o para que a grade n&atilde;o seja suja por um programa s&oacute; porque tinha verba e fazer com que o telespectador, ao zapear, fale: &#39;Aqui, s&oacute; tem porcaria&#39;&quot;.<\/span><\/p>\n","protected":false},"excerpt":{"rendered":"<p>O presidente da Funda&ccedil;&atilde;o Padre Anchieta, Jo&atilde;o Sayad, instalou um programa de enxugamento de atividades que n&atilde;o se relacionam &agrave; miss&atilde;o da TV e r&aacute;dio Cultura, geridas pela entidade. Entre as medidas, segundo a Folha.com, est&atilde;o a n&atilde;o renova&ccedil;&atilde;o de contratos com a TV Justi&ccedil;a e a TV Assembleia e a terceiriza&ccedil;&atilde;o da produ&ccedil;&atilde;o de &hellip; <a href=\"https:\/\/obscom.intervozes.org.br\/?p=25245\" class=\"more-link\">Continue lendo <span class=\"screen-reader-text\">Programa de enxugamento da TV Cultura prev\u00ea terceiriza\u00e7\u00e3o de produ\u00e7\u00e3o e cortes<\/span> <span class=\"meta-nav\">&rarr;<\/span><\/a><\/p>\n","protected":false},"author":1,"featured_media":0,"comment_status":"open","ping_status":"open","sticky":false,"template":"","format":"standard","meta":{"footnotes":""},"categories":[40],"tags":[259],"_links":{"self":[{"href":"https:\/\/obscom.intervozes.org.br\/index.php?rest_route=\/wp\/v2\/posts\/25245"}],"collection":[{"href":"https:\/\/obscom.intervozes.org.br\/index.php?rest_route=\/wp\/v2\/posts"}],"about":[{"href":"https:\/\/obscom.intervozes.org.br\/index.php?rest_route=\/wp\/v2\/types\/post"}],"author":[{"embeddable":true,"href":"https:\/\/obscom.intervozes.org.br\/index.php?rest_route=\/wp\/v2\/users\/1"}],"replies":[{"embeddable":true,"href":"https:\/\/obscom.intervozes.org.br\/index.php?rest_route=%2Fwp%2Fv2%2Fcomments&post=25245"}],"version-history":[{"count":0,"href":"https:\/\/obscom.intervozes.org.br\/index.php?rest_route=\/wp\/v2\/posts\/25245\/revisions"}],"wp:attachment":[{"href":"https:\/\/obscom.intervozes.org.br\/index.php?rest_route=%2Fwp%2Fv2%2Fmedia&parent=25245"}],"wp:term":[{"taxonomy":"category","embeddable":true,"href":"https:\/\/obscom.intervozes.org.br\/index.php?rest_route=%2Fwp%2Fv2%2Fcategories&post=25245"},{"taxonomy":"post_tag","embeddable":true,"href":"https:\/\/obscom.intervozes.org.br\/index.php?rest_route=%2Fwp%2Fv2%2Ftags&post=25245"}],"curies":[{"name":"wp","href":"https:\/\/api.w.org\/{rel}","templated":true}]}}