{"id":25244,"date":"2011-01-14T15:33:44","date_gmt":"2011-01-14T15:33:44","guid":{"rendered":"https:\/\/obscom.intervozes.org.br\/wordpress\/?p=25244"},"modified":"2011-01-14T15:33:44","modified_gmt":"2011-01-14T15:33:44","slug":"debate-online-sobre-classificacao-indicativa-vai-ate-dia-28-de-janeiro","status":"publish","type":"post","link":"https:\/\/obscom.intervozes.org.br\/?p=25244","title":{"rendered":"Debate online sobre classifica\u00e7\u00e3o indicativa vai at\u00e9 dia 28 de janeiro"},"content":{"rendered":"<p><span class=\"padrao\"><strong>Reda&ccedil;&atilde;o &#8211; Portal Imprensa<\/strong><\/p>\n<p>O Debate P&uacute;blico realizado na internet sobre classifica&ccedil;&atilde;o indicativa em programas de televis&atilde;o, filmes, jogos e festivais de cinema termina no dia 28 de janeiro. Em dezembro o Minist&eacute;rio da Justi&ccedil;a havia estendido o debate feito pela internet por 40 dias. At&eacute; o m&ecirc;s de dezembro de 2010 havia sido contabilizadas mais de 150 participa&ccedil;&otilde;es.<\/p>\n<p>Entre as principais plataformas participantes est&atilde;o blogs, e-mails e redes sociais. A maioria representada por participantes da &aacute;rea de desenvolvimento de jogos, produtores de cinema, pais e jovens que opinaram sobre quais deveriam ser os tramites da pol&iacute;tica de classifica&ccedil;&atilde;o indicativa. Entre os assuntos tratados os mais populares s&atilde;o a autoclassifica&ccedil;&atilde;o para jogos eletr&ocirc;nicos, filmes e programas de televis&atilde;o, e enquadramento e classifica&ccedil;&atilde;o de jogos para celular e RPG.<\/p>\n<p>Interessados em participar do debate pode acessar <a href=\"http:\/\/culturadigital.br\">http:\/\/culturadigital.br<\/a> <\/span><\/p>\n","protected":false},"excerpt":{"rendered":"<p>Reda&ccedil;&atilde;o &#8211; Portal Imprensa O Debate P&uacute;blico realizado na internet sobre classifica&ccedil;&atilde;o indicativa em programas de televis&atilde;o, filmes, jogos e festivais de cinema termina no dia 28 de janeiro. Em dezembro o Minist&eacute;rio da Justi&ccedil;a havia estendido o debate feito pela internet por 40 dias. At&eacute; o m&ecirc;s de dezembro de 2010 havia sido contabilizadas &hellip; <a href=\"https:\/\/obscom.intervozes.org.br\/?p=25244\" class=\"more-link\">Continue lendo <span class=\"screen-reader-text\">Debate online sobre classifica\u00e7\u00e3o indicativa vai at\u00e9 dia 28 de janeiro<\/span> <span class=\"meta-nav\">&rarr;<\/span><\/a><\/p>\n","protected":false},"author":1,"featured_media":0,"comment_status":"open","ping_status":"open","sticky":false,"template":"","format":"standard","meta":{"footnotes":""},"categories":[39],"tags":[],"_links":{"self":[{"href":"https:\/\/obscom.intervozes.org.br\/index.php?rest_route=\/wp\/v2\/posts\/25244"}],"collection":[{"href":"https:\/\/obscom.intervozes.org.br\/index.php?rest_route=\/wp\/v2\/posts"}],"about":[{"href":"https:\/\/obscom.intervozes.org.br\/index.php?rest_route=\/wp\/v2\/types\/post"}],"author":[{"embeddable":true,"href":"https:\/\/obscom.intervozes.org.br\/index.php?rest_route=\/wp\/v2\/users\/1"}],"replies":[{"embeddable":true,"href":"https:\/\/obscom.intervozes.org.br\/index.php?rest_route=%2Fwp%2Fv2%2Fcomments&post=25244"}],"version-history":[{"count":0,"href":"https:\/\/obscom.intervozes.org.br\/index.php?rest_route=\/wp\/v2\/posts\/25244\/revisions"}],"wp:attachment":[{"href":"https:\/\/obscom.intervozes.org.br\/index.php?rest_route=%2Fwp%2Fv2%2Fmedia&parent=25244"}],"wp:term":[{"taxonomy":"category","embeddable":true,"href":"https:\/\/obscom.intervozes.org.br\/index.php?rest_route=%2Fwp%2Fv2%2Fcategories&post=25244"},{"taxonomy":"post_tag","embeddable":true,"href":"https:\/\/obscom.intervozes.org.br\/index.php?rest_route=%2Fwp%2Fv2%2Ftags&post=25244"}],"curies":[{"name":"wp","href":"https:\/\/api.w.org\/{rel}","templated":true}]}}