{"id":25239,"date":"2011-01-12T18:23:46","date_gmt":"2011-01-12T18:23:46","guid":{"rendered":"https:\/\/obscom.intervozes.org.br\/wordpress\/?p=25239"},"modified":"2011-01-12T18:23:46","modified_gmt":"2011-01-12T18:23:46","slug":"fsm-discutira-direito-a-comunicacao-no-mundo","status":"publish","type":"post","link":"https:\/\/obscom.intervozes.org.br\/?p=25239","title":{"rendered":"FSM discutir\u00e1 direito \u00e0 comunica\u00e7\u00e3o no mundo"},"content":{"rendered":"<p><span class=\"padrao\">O F&oacute;rum Social Mundial retorna pela segunda vez &agrave; Africa, em sua edi&ccedil;&atilde;o de 2011. O encontro, que j&aacute; foi sediado em Bamako (Mali), em 2006 &ndash; quando o evento aconteceu simultaneamente em tr&ecirc;s continentes -, e em Nair&oacute;bi, Qu&ecirc;nia, em 2007, acontecera agora em Dakar, capital do Senegal, e dever&aacute; reunir diversas entidades da sociedade civil ao redor do mundo para discutirem os rumos de uma outra sociedade poss&iacute;vel.<\/p>\n<p>Entre os 12 eixos escolhidos para orientar as atividades realizadas no evento, dois em particular interessam diretamente &agrave; comunica&ccedil;&atilde;o: o eixo 3 &ndash; Pela aplicabilidade e efetividade dos direitos humanos; e o eixo 5 &ndash; Pelos direitos inalien&aacute;veis. Entre as atividades j&aacute; confirmadas est&aacute; um semin&aacute;rio que o Intervozes ajudar&aacute; a organizar em parceria com outras 8 entidades do Brasil, Equador, Marrocos, Senegal e Fran&ccedil;a. O objetivo &eacute; discutir o direito &agrave; comunica&ccedil;&atilde;o em diferentes pa&iacute;ses e construir estrat&eacute;gias de atua&ccedil;&atilde;o conjunta em torno da produ&ccedil;&atilde;o de informa&ccedil;&atilde;o para mobiliza&ccedil;&atilde;o social. As organiza&ccedil;&otilde;es proponentes do semin&aacute;rio discutir&atilde;o ainda uma poss&iacute;vel parceria para a realiza&ccedil;&atilde;o do 2&ordm; F&oacute;rum Mundial de M&iacute;dia Livre em 2012.<\/p>\n<p>Outra atividade importante j&aacute; confirmada no F&oacute;rum &eacute; um debate sobre o Wikileaks, com a presen&ccedil;a do soci&oacute;logo portugu&ecirc;s Boaventura de Souza Santos, organizado pela Ciranda em parceria com o Intervozes e o Fenment, da Tanz&acirc;nia.<strong><\/p>\n<p>Visibilidade<\/strong><\/p>\n<p>Como historicamente h&aacute; pouco interesse por parte dos grandes meios de comunica&ccedil;&atilde;o em difundir ao mundo os debates e articula&ccedil;&otilde;es pol&iacute;ticas que acontecem no processo do F&oacute;rum Social Mundial, a organiza&ccedil;&atilde;o do evento est&aacute; preparando o terreno para que os comunicadores d&ecirc;em voz aos participantes do encontro. Uma estrutura com alojamentos para 320 jornalistas e sala de imprensa com computadores e internet wireless s&atilde;o algumas facilidades para que a cobertura internacional do evento aconte&ccedil;a de forma efetiva.<\/p>\n<p>Uma oficina com imprensa local, ag&ecirc;ncias internacionais e organiza&ccedil;&otilde;es de comunica&ccedil;&atilde;o est&aacute; sendo programada para janeiro, com a inten&ccedil;&atilde;o de preparar a cobertura do F&oacute;rum. A ideia &eacute; que, mais uma vez, aconte&ccedil;a a cobertura compartilhada do FSM, onde comunicadores do mundo todo trabalham de forma colaborativa para difundir as atividades e acontecimentos do F&oacute;rum. J&aacute; est&aacute; confirmada mais uma edi&ccedil;&atilde;o da <a href=\"http:\/\/www.ciranda.net\">Ciranda da Informa&ccedil;&atilde;o Independente<\/a>  e do F&oacute;rum de R&aacute;dios, que est&aacute; sendo organizado pela Associa&ccedil;&atilde;o Mundial de R&aacute;dios Comunit&aacute;rias (Amarc) em parceria com diversas emissoras africanas.<\/span><\/p>\n","protected":false},"excerpt":{"rendered":"<p>Ao menos dois semin&aacute;rios espec&iacute;ficos sobre o tema est&atilde;o confirmados na programa&ccedil;&atilde;o do encontro que ser&aacute; no Senegal, em fevereiro<\/p>\n","protected":false},"author":1,"featured_media":0,"comment_status":"open","ping_status":"open","sticky":false,"template":"","format":"standard","meta":{"footnotes":""},"categories":[40],"tags":[1473],"_links":{"self":[{"href":"https:\/\/obscom.intervozes.org.br\/index.php?rest_route=\/wp\/v2\/posts\/25239"}],"collection":[{"href":"https:\/\/obscom.intervozes.org.br\/index.php?rest_route=\/wp\/v2\/posts"}],"about":[{"href":"https:\/\/obscom.intervozes.org.br\/index.php?rest_route=\/wp\/v2\/types\/post"}],"author":[{"embeddable":true,"href":"https:\/\/obscom.intervozes.org.br\/index.php?rest_route=\/wp\/v2\/users\/1"}],"replies":[{"embeddable":true,"href":"https:\/\/obscom.intervozes.org.br\/index.php?rest_route=%2Fwp%2Fv2%2Fcomments&post=25239"}],"version-history":[{"count":0,"href":"https:\/\/obscom.intervozes.org.br\/index.php?rest_route=\/wp\/v2\/posts\/25239\/revisions"}],"wp:attachment":[{"href":"https:\/\/obscom.intervozes.org.br\/index.php?rest_route=%2Fwp%2Fv2%2Fmedia&parent=25239"}],"wp:term":[{"taxonomy":"category","embeddable":true,"href":"https:\/\/obscom.intervozes.org.br\/index.php?rest_route=%2Fwp%2Fv2%2Fcategories&post=25239"},{"taxonomy":"post_tag","embeddable":true,"href":"https:\/\/obscom.intervozes.org.br\/index.php?rest_route=%2Fwp%2Fv2%2Ftags&post=25239"}],"curies":[{"name":"wp","href":"https:\/\/api.w.org\/{rel}","templated":true}]}}