{"id":25237,"date":"2011-01-12T16:46:35","date_gmt":"2011-01-12T16:46:35","guid":{"rendered":"https:\/\/obscom.intervozes.org.br\/wordpress\/?p=25237"},"modified":"2011-01-12T16:46:35","modified_gmt":"2011-01-12T16:46:35","slug":"proposta-de-lei-geral-de-comunicacao-ja-causa-divergencia-entre-deputados","status":"publish","type":"post","link":"https:\/\/obscom.intervozes.org.br\/?p=25237","title":{"rendered":"Proposta de lei geral de comunica\u00e7\u00e3o j\u00e1 causa diverg\u00eancia entre deputados"},"content":{"rendered":"<p><span class=\"padrao\">A elabora&ccedil;&atilde;o de uma nova lei geral para as comunica&ccedil;&otilde;es, anunciada pelo novo ministro Paulo Bernardo como uma das prioridades para o setor, j&aacute; causa diverg&ecirc;ncias entre deputados antes mesmo de chegar &agrave; C&acirc;mara. Alguns deputados defendem a proposta, enquanto outros acreditam que bastam ajustes na legisla&ccedil;&atilde;o atual. O anteprojeto, que regulamentar&aacute; a radiodifus&atilde;o (r&aacute;dio e TV) e as telecomunica&ccedil;&otilde;es, ainda est&aacute; sendo discutido pelo Executivo e n&atilde;o tem data para chegar ao Congresso.<\/p>\n<p>O l&iacute;der do DEM na C&acirc;mara, deputado Paulo Bornhausen (SC), e o deputado Walter Pinheiro (PT-BA) consideram que n&atilde;o &eacute; necess&aacute;rio elaborar uma nova lei geral para o setor. Eles defendem ajustes pontuais. &ldquo;&Eacute; preciso fazer uma atualiza&ccedil;&atilde;o da legisla&ccedil;&atilde;o, aprovando novos marcos regulat&oacute;rios para cada &aacute;rea. Se passarmos quatro anos discutindo um calhama&ccedil;o, n&atilde;o conseguiremos fazer nada&rdquo;, diz Pinheiro. &ldquo;Fazer pequenas corre&ccedil;&otilde;es nas leis ou extinguir partes das leis existentes ser&aacute; mais eficaz&rdquo;, complementa Bornhausen.<\/p>\n<p>Pinheiro reitera, por&eacute;m, a necessidade de se reformar a legisla&ccedil;&atilde;o para o setor de r&aacute;dio e TV, de forma a adapt&aacute;-la &agrave; converg&ecirc;ncia tecnol&oacute;gica e tornar o processo de outorgas de licen&ccedil;as para os servi&ccedil;os mais transparente. O setor &eacute; regulado atualmente pelo C&oacute;digo Brasileiro de Telecomunica&ccedil;&otilde;es (Lei 4.117\/62).<\/p>\n<p><strong>Prioridade<\/strong><\/p>\n<p>J&aacute; o deputado Paulo Henrique Lustosa (PMDB-CE) considera que uma nova lei geral para as comunica&ccedil;&otilde;es deveria ser medida priorit&aacute;ria para o novo governo. &ldquo;A pauta do novo ministro est&aacute; em sintonia com as urg&ecirc;ncias do setor, mas o novo marco regulat&oacute;rio &eacute; mais importante, pois abranger&aacute; os outros assuntos&rdquo;, disse. &ldquo;J&aacute; existe um ac&uacute;mulo de conhecimento na Casa para que a discuss&atilde;o avance com celeridade&rdquo;, complementou.<\/p>\n<p>Segundo Lustosa, poderiam auxiliar na elabora&ccedil;&atilde;o da nova lei geral, por exemplo, o relat&oacute;rio final da Subcomiss&atilde;o Especial de Outorgas e Concess&otilde;es de Radiodifus&atilde;o, que funcionou entre 2007 e 2008, e o estudo &ldquo;Alternativas de Pol&iacute;ticas P&uacute;blicas para a Banda Larga&rdquo;, desenvolvido pelo Conselho de Altos Estudos.<\/p>\n<p><strong>Concess&otilde;es a parlamentares<\/strong><\/p>\n<p>A deputada Luiza Erundina (PSB-SP), que &eacute; favor&aacute;vel a uma lei geral para o setor, acredita que o n&uacute;mero elevado de parlamentares detentores de concess&otilde;es de r&aacute;dio e TV dificulta a reforma das leis de comunica&ccedil;&atilde;o. Uma das medidas que constar&aacute; no anteprojeto do governo ser&aacute; justamente a regulamenta&ccedil;&atilde;o do dispositivo constitucional que proibe parlamentares de serem donos de r&aacute;dios e TVs. Segundo levantamento do jornal Folha de S. Paulo, 61 parlamentares que tomar&atilde;o posse em fevereiro s&atilde;o s&oacute;cios ou donos de emissoras.<\/p>\n<p>O deputado Ratinho J&uacute;nior (PSC-PR) concorda com a restri&ccedil;&atilde;o, mas recomenda cautela na an&aacute;lise do v&iacute;nculo do pol&iacute;tico com os meios de comunica&ccedil;&atilde;o. &quot;Se o pol&iacute;tico for dono, obviamente que interesses pessoais influenciar&atilde;o as decis&otilde;es, principalmente se [o parlamentar] fizer parte da Comiss&atilde;o de Ci&ecirc;ncia e Tecnologia, Comunica&ccedil;&atilde;o e Inform&aacute;tica. Mas tamb&eacute;m n&atilde;o se pode proibir que um parlamentar tenha dentro do seu n&uacute;cleo familiar pessoas com v&iacute;nculos com empresas de comunica&ccedil;&atilde;o&rdquo;.<\/span><\/p>\n","protected":false},"excerpt":{"rendered":"<p>A elabora&ccedil;&atilde;o de uma nova lei geral para as comunica&ccedil;&otilde;es, anunciada pelo novo ministro Paulo Bernardo como uma das prioridades para o setor, j&aacute; causa diverg&ecirc;ncias entre deputados antes mesmo de chegar &agrave; C&acirc;mara. Alguns deputados defendem a proposta, enquanto outros acreditam que bastam ajustes na legisla&ccedil;&atilde;o atual. O anteprojeto, que regulamentar&aacute; a radiodifus&atilde;o (r&aacute;dio &hellip; <a href=\"https:\/\/obscom.intervozes.org.br\/?p=25237\" class=\"more-link\">Continue lendo <span class=\"screen-reader-text\">Proposta de lei geral de comunica\u00e7\u00e3o j\u00e1 causa diverg\u00eancia entre deputados<\/span> <span class=\"meta-nav\">&rarr;<\/span><\/a><\/p>\n","protected":false},"author":1,"featured_media":0,"comment_status":"open","ping_status":"open","sticky":false,"template":"","format":"standard","meta":{"footnotes":""},"categories":[40],"tags":[323],"_links":{"self":[{"href":"https:\/\/obscom.intervozes.org.br\/index.php?rest_route=\/wp\/v2\/posts\/25237"}],"collection":[{"href":"https:\/\/obscom.intervozes.org.br\/index.php?rest_route=\/wp\/v2\/posts"}],"about":[{"href":"https:\/\/obscom.intervozes.org.br\/index.php?rest_route=\/wp\/v2\/types\/post"}],"author":[{"embeddable":true,"href":"https:\/\/obscom.intervozes.org.br\/index.php?rest_route=\/wp\/v2\/users\/1"}],"replies":[{"embeddable":true,"href":"https:\/\/obscom.intervozes.org.br\/index.php?rest_route=%2Fwp%2Fv2%2Fcomments&post=25237"}],"version-history":[{"count":0,"href":"https:\/\/obscom.intervozes.org.br\/index.php?rest_route=\/wp\/v2\/posts\/25237\/revisions"}],"wp:attachment":[{"href":"https:\/\/obscom.intervozes.org.br\/index.php?rest_route=%2Fwp%2Fv2%2Fmedia&parent=25237"}],"wp:term":[{"taxonomy":"category","embeddable":true,"href":"https:\/\/obscom.intervozes.org.br\/index.php?rest_route=%2Fwp%2Fv2%2Fcategories&post=25237"},{"taxonomy":"post_tag","embeddable":true,"href":"https:\/\/obscom.intervozes.org.br\/index.php?rest_route=%2Fwp%2Fv2%2Ftags&post=25237"}],"curies":[{"name":"wp","href":"https:\/\/api.w.org\/{rel}","templated":true}]}}