{"id":25234,"date":"2011-01-10T16:00:14","date_gmt":"2011-01-10T16:00:14","guid":{"rendered":"https:\/\/obscom.intervozes.org.br\/wordpress\/?p=25234"},"modified":"2011-01-10T16:00:14","modified_gmt":"2011-01-10T16:00:14","slug":"ministerio-da-justica-obriga-sbt-a-cortar-cenas-de-camaleoes","status":"publish","type":"post","link":"https:\/\/obscom.intervozes.org.br\/?p=25234","title":{"rendered":"Minist\u00e9rio da Justi\u00e7a obriga SBT a cortar cenas de Camale\u00f5es"},"content":{"rendered":"<p><span class=\"padrao\">O SBT est&aacute; tendo que cortar cenas de Camale&otilde;es, novela mexicana dirigida ao p&uacute;blico infanto-juvenil, porque o Minist&eacute;rio da Justi&ccedil;a amea&ccedil;ou reclassificar a produ&ccedil;&atilde;o, inviabilizando sua exibi&ccedil;&atilde;o &agrave;s 16h.<\/span><span class=\"padrao\"><\/p>\n<p>Em outubro, o SBT autoclassificou a trama como impr&oacute;pria para menores de 10 anos, ou seja, poderia exibi-la em qualquer hor&aacute;rio. No final de novembro, o Minist&eacute;rio da Justi&ccedil;a advertiu a rede de que a novela continha cenas inadequadas para essa classifica&ccedil;&atilde;o indicativa e amea&ccedil;ou reclassific&aacute;-la.<\/span><span class=\"padrao\"><\/p>\n<p>Para n&atilde;o correr o risco de ser obrigado a mudar o hor&aacute;rio de Camale&otilde;es, o SBT concordou em fazer cortes em cenas consideradas mais fortes. Em despacho publicado ontem no Di&aacute;rio Oficial da Uni&atilde;o de ontem, o minist&eacute;rio aprovou as mudan&ccedil;as feitas pela emissora, mantendo a classifica&ccedil;&atilde;o de 10 anos, e anunciou que continuar&aacute; monitorando a exibi&ccedil;&atilde;o at&eacute; o final.<\/span><span class=\"padrao\"><\/p>\n<p>Com o ex-RBD Alfonso Herrera, Belinda e Pee Wee no elenco, Camale&otilde;es conta a hist&oacute;ria de dois jovens que, obedecendo &agrave;s ordens de um mandante misterioso, se infiltram em um col&eacute;gio e roubam obras de arte e objetos caros.<\/span><span class=\"padrao\"><\/p>\n<p>Para o Minist&eacute;rio da Justi&ccedil;a, a novela cont&eacute;m &quot;consumo de drogas l&iacute;citas, insinua&ccedil;&atilde;o sexual e agress&atilde;o f&iacute;sica&quot;.<\/span><\/p>\n","protected":false},"excerpt":{"rendered":"<p>O SBT est&aacute; tendo que cortar cenas de Camale&otilde;es, novela mexicana dirigida ao p&uacute;blico infanto-juvenil, porque o Minist&eacute;rio da Justi&ccedil;a amea&ccedil;ou reclassificar a produ&ccedil;&atilde;o, inviabilizando sua exibi&ccedil;&atilde;o &agrave;s 16h. Em outubro, o SBT autoclassificou a trama como impr&oacute;pria para menores de 10 anos, ou seja, poderia exibi-la em qualquer hor&aacute;rio. No final de novembro, o &hellip; <a href=\"https:\/\/obscom.intervozes.org.br\/?p=25234\" class=\"more-link\">Continue lendo <span class=\"screen-reader-text\">Minist\u00e9rio da Justi\u00e7a obriga SBT a cortar cenas de Camale\u00f5es<\/span> <span class=\"meta-nav\">&rarr;<\/span><\/a><\/p>\n","protected":false},"author":1,"featured_media":0,"comment_status":"open","ping_status":"open","sticky":false,"template":"","format":"standard","meta":{"footnotes":""},"categories":[40],"tags":[111],"_links":{"self":[{"href":"https:\/\/obscom.intervozes.org.br\/index.php?rest_route=\/wp\/v2\/posts\/25234"}],"collection":[{"href":"https:\/\/obscom.intervozes.org.br\/index.php?rest_route=\/wp\/v2\/posts"}],"about":[{"href":"https:\/\/obscom.intervozes.org.br\/index.php?rest_route=\/wp\/v2\/types\/post"}],"author":[{"embeddable":true,"href":"https:\/\/obscom.intervozes.org.br\/index.php?rest_route=\/wp\/v2\/users\/1"}],"replies":[{"embeddable":true,"href":"https:\/\/obscom.intervozes.org.br\/index.php?rest_route=%2Fwp%2Fv2%2Fcomments&post=25234"}],"version-history":[{"count":0,"href":"https:\/\/obscom.intervozes.org.br\/index.php?rest_route=\/wp\/v2\/posts\/25234\/revisions"}],"wp:attachment":[{"href":"https:\/\/obscom.intervozes.org.br\/index.php?rest_route=%2Fwp%2Fv2%2Fmedia&parent=25234"}],"wp:term":[{"taxonomy":"category","embeddable":true,"href":"https:\/\/obscom.intervozes.org.br\/index.php?rest_route=%2Fwp%2Fv2%2Fcategories&post=25234"},{"taxonomy":"post_tag","embeddable":true,"href":"https:\/\/obscom.intervozes.org.br\/index.php?rest_route=%2Fwp%2Fv2%2Ftags&post=25234"}],"curies":[{"name":"wp","href":"https:\/\/api.w.org\/{rel}","templated":true}]}}