{"id":25231,"date":"2011-01-07T15:32:52","date_gmt":"2011-01-07T15:32:52","guid":{"rendered":"https:\/\/obscom.intervozes.org.br\/wordpress\/?p=25231"},"modified":"2011-01-07T15:32:52","modified_gmt":"2011-01-07T15:32:52","slug":"governo-negocia-remuneracao-pelo-uso-das-fibras-da-petrobras-e-do-setor-eletrico","status":"publish","type":"post","link":"https:\/\/obscom.intervozes.org.br\/?p=25231","title":{"rendered":"Governo negocia remunera\u00e7\u00e3o pelo uso das fibras da Petrobras e do setor el\u00e9trico"},"content":{"rendered":"<p><span class=\"padrao\">Enquanto a Telebr&aacute;s conclui os preg&otilde;es de compras de equipamentos para a implanta&ccedil;&atilde;o do Plano Nacional de Banda Larga, uma outra negocia&ccedil;&atilde;o j&aacute; foi aberta com as empresas federais do setor el&eacute;trico e a Petrobras pela remunera&ccedil;&atilde;o pelo uso das redes de fibras &oacute;ticas das estatais.<\/p>\n<p>Al&eacute;m do pr&oacute;prio presidente da Telebr&aacute;s, Rog&eacute;rio Santanna, a negocia&ccedil;&atilde;o j&aacute; envolve os ministros de Comunica&ccedil;&otilde;es, Paulo Bernardo, e Minas e Energia, Edison Lob&atilde;o, na prepara&ccedil;&atilde;o dos conv&ecirc;nios que ser&atilde;o assinados entre as empresas p&uacute;blicas e dizem respeito aos cerca de 30 mil km de fibras, o backbone do PNBL.<\/p>\n<p>O tema fez parte da conversa desta sexta-feira, 7\/1, entre Bernardo e a presidenta Dilma Roussef. &ldquo;A orienta&ccedil;&atilde;o da presidenta &eacute; que a Telebr&aacute;s tenha condi&ccedil;&atilde;o de assumir e usar essas redes de fibras &oacute;ticas. Evidentemente temos que fazer uma tratativa para remunerar essas empresas. Acho que at&eacute; abril n&oacute;s conseguimos resolver&rdquo;, afirmou o ministro das Comunica&ccedil;&otilde;es ap&oacute;s a reuni&atilde;o.<\/p>\n<p>&ldquo;Se a Petrobras tem uma rede que foi constru&iacute;da com recursos pr&oacute;prios ou as empresas do setor el&eacute;trico, elas v&atilde;o querer uma remunera&ccedil;&atilde;o pela cess&atilde;o dessa rede. N&oacute;s vamos conversar sobre a quest&atilde;o de condi&ccedil;&otilde;es, mas &eacute; evidente que n&oacute;s achamos que tem de remunerar&rdquo;, completou.<\/p>\n<p>Segundo o ministro, uma segunda etapa envolver&aacute; negocia&ccedil;&otilde;es com governadores para que o mesmo tipo de conv&ecirc;nio seja firmado com empresas estaduais de energia. &ldquo;Vamos conversar com os governos estaduais para ver a possibilidade de fazer acordos. No caso das empresas federais, falei com o ministro Lob&atilde;o e ele vai chamar as empresas e n&oacute;s vamos fazer uma discuss&atilde;o, mas isso j&aacute; est&aacute; bem adiantado&rdquo;, disse Bernardo.<\/p>\n<p><strong>Or&ccedil;amento<\/strong><\/p>\n<p>O ministro reconheceu que o or&ccedil;amento j&aacute; disponibilizado para a Telebr&aacute;s ficou abaixo do inicialmente esperado, mas ele acredita que os ajustes ser&atilde;o feitos ao longo do ano com a &aacute;rea econ&ocirc;mica do governo. At&eacute; agora, a estatal tem garantidos cerca de R$ 600 milh&otilde;es.<\/p>\n<p>&ldquo;A Telebr&aacute;s tem um or&ccedil;amento menor do que estava previsto e n&oacute;s vamos ter que trabalhar a partir disso. E evidentemente na hora que houver necessidade, que vai haver, vamos discutir com a &aacute;rea econ&ocirc;mica como &eacute; que n&oacute;s podemos melhorar isso. Agora, vamos trabalhar com o or&ccedil;amento que for definido para n&oacute;s e se precisar vamos ter que adaptar alguma coisa&rdquo;, afrimou Paulo Bernardo. <\/span><\/p>\n<p>&nbsp;<\/p>\n","protected":false},"excerpt":{"rendered":"<p>Enquanto a Telebr&aacute;s conclui os preg&otilde;es de compras de equipamentos para a implanta&ccedil;&atilde;o do Plano Nacional de Banda Larga, uma outra negocia&ccedil;&atilde;o j&aacute; foi aberta com as empresas federais do setor el&eacute;trico e a Petrobras pela remunera&ccedil;&atilde;o pelo uso das redes de fibras &oacute;ticas das estatais. Al&eacute;m do pr&oacute;prio presidente da Telebr&aacute;s, Rog&eacute;rio Santanna, a &hellip; <a href=\"https:\/\/obscom.intervozes.org.br\/?p=25231\" class=\"more-link\">Continue lendo <span class=\"screen-reader-text\">Governo negocia remunera\u00e7\u00e3o pelo uso das fibras da Petrobras e do setor el\u00e9trico<\/span> <span class=\"meta-nav\">&rarr;<\/span><\/a><\/p>\n","protected":false},"author":1,"featured_media":0,"comment_status":"open","ping_status":"open","sticky":false,"template":"","format":"standard","meta":{"footnotes":""},"categories":[40],"tags":[1123],"_links":{"self":[{"href":"https:\/\/obscom.intervozes.org.br\/index.php?rest_route=\/wp\/v2\/posts\/25231"}],"collection":[{"href":"https:\/\/obscom.intervozes.org.br\/index.php?rest_route=\/wp\/v2\/posts"}],"about":[{"href":"https:\/\/obscom.intervozes.org.br\/index.php?rest_route=\/wp\/v2\/types\/post"}],"author":[{"embeddable":true,"href":"https:\/\/obscom.intervozes.org.br\/index.php?rest_route=\/wp\/v2\/users\/1"}],"replies":[{"embeddable":true,"href":"https:\/\/obscom.intervozes.org.br\/index.php?rest_route=%2Fwp%2Fv2%2Fcomments&post=25231"}],"version-history":[{"count":0,"href":"https:\/\/obscom.intervozes.org.br\/index.php?rest_route=\/wp\/v2\/posts\/25231\/revisions"}],"wp:attachment":[{"href":"https:\/\/obscom.intervozes.org.br\/index.php?rest_route=%2Fwp%2Fv2%2Fmedia&parent=25231"}],"wp:term":[{"taxonomy":"category","embeddable":true,"href":"https:\/\/obscom.intervozes.org.br\/index.php?rest_route=%2Fwp%2Fv2%2Fcategories&post=25231"},{"taxonomy":"post_tag","embeddable":true,"href":"https:\/\/obscom.intervozes.org.br\/index.php?rest_route=%2Fwp%2Fv2%2Ftags&post=25231"}],"curies":[{"name":"wp","href":"https:\/\/api.w.org\/{rel}","templated":true}]}}