{"id":25229,"date":"2011-01-06T17:40:59","date_gmt":"2011-01-06T17:40:59","guid":{"rendered":"https:\/\/obscom.intervozes.org.br\/wordpress\/?p=25229"},"modified":"2011-01-06T17:40:59","modified_gmt":"2011-01-06T17:40:59","slug":"projeto-formacao-gesac-comeca-nova-etapa-de-aulas","status":"publish","type":"post","link":"https:\/\/obscom.intervozes.org.br\/?p=25229","title":{"rendered":"Projeto Forma\u00e7\u00e3o Gesac come\u00e7a nova etapa de aulas"},"content":{"rendered":"<p>O Projeto Forma&ccedil;&atilde;o Gesac, do Minist&eacute;rio das Comunica&ccedil;&otilde;es, deu in&iacute;cio a uma nova etapa de aulas presenciais para os monitores e multiplicadores que est&atilde;o sendo capacitados pelo projeto. Na segunda-feira 3, alunos dos estados de Pernambuco e Acre come&ccedil;aram a participar dos m&oacute;dulos de hardware, software e redes.<\/p>\n<p>O Projeto Forma&ccedil;&atilde;o Gesac tem como objetivo promover a inclus&atilde;o digital por meio da forma&ccedil;&atilde;o presencial e &agrave; dist&acirc;ncia de monitores e multiplicadores das comunidades atendidas pelo Programa Gesac em todo o Pa&iacute;s. Desta segunda etapa de capacita&ccedil;&atilde;o presencial, que ocorre nos meses de janeiro e fevereiro, dever&atilde;o participar 614 representantes de pontos Gesac selecionados pelo projeto em v&aacute;rios estados.<\/p>\n<p>As aulas de hardware, software e redes ser&atilde;o ministradas nos Institutos Federais de Ci&ecirc;ncia e Tecnologia e Pontos Gesac. As primeiras turmas a receberem a forma&ccedil;&atilde;o s&atilde;o de Pernambuco e Acre. Ao todo, 27 alunos estar&atilde;o no IFPE, em Recife (PE), e 14 no N&uacute;cleo de Tecnologias Educacionais de Cruzeiro do Sul (AC). Outros 15 monitores do Acre receber&atilde;o aulas na cidade de Rio Branco entre os dias 17 e 21 de janeiro.<\/p>\n<p>Al&eacute;m das apostilas e CDs dos m&oacute;dulos de hardware, software e redes, os monitores receber&atilde;o um manual de uso do publicador do WordPress 2.9. Na primeira etapa de forma&ccedil;&atilde;o presencial participaram 468 monitores. A repescagem, realizada ao logo dos &uacute;ltimos tr&ecirc;s meses, trouxe mais 165 alunos ao projeto.<\/p>\n","protected":false},"excerpt":{"rendered":"<p>O Projeto Forma&ccedil;&atilde;o Gesac, do Minist&eacute;rio das Comunica&ccedil;&otilde;es, deu in&iacute;cio a uma nova etapa de aulas presenciais para os monitores e multiplicadores que est&atilde;o sendo capacitados pelo projeto. Na segunda-feira 3, alunos dos estados de Pernambuco e Acre come&ccedil;aram a participar dos m&oacute;dulos de hardware, software e redes. O Projeto Forma&ccedil;&atilde;o Gesac tem como objetivo &hellip; <a href=\"https:\/\/obscom.intervozes.org.br\/?p=25229\" class=\"more-link\">Continue lendo <span class=\"screen-reader-text\">Projeto Forma\u00e7\u00e3o Gesac come\u00e7a nova etapa de aulas<\/span> <span class=\"meta-nav\">&rarr;<\/span><\/a><\/p>\n","protected":false},"author":1,"featured_media":0,"comment_status":"open","ping_status":"open","sticky":false,"template":"","format":"standard","meta":{"footnotes":""},"categories":[40],"tags":[178],"_links":{"self":[{"href":"https:\/\/obscom.intervozes.org.br\/index.php?rest_route=\/wp\/v2\/posts\/25229"}],"collection":[{"href":"https:\/\/obscom.intervozes.org.br\/index.php?rest_route=\/wp\/v2\/posts"}],"about":[{"href":"https:\/\/obscom.intervozes.org.br\/index.php?rest_route=\/wp\/v2\/types\/post"}],"author":[{"embeddable":true,"href":"https:\/\/obscom.intervozes.org.br\/index.php?rest_route=\/wp\/v2\/users\/1"}],"replies":[{"embeddable":true,"href":"https:\/\/obscom.intervozes.org.br\/index.php?rest_route=%2Fwp%2Fv2%2Fcomments&post=25229"}],"version-history":[{"count":0,"href":"https:\/\/obscom.intervozes.org.br\/index.php?rest_route=\/wp\/v2\/posts\/25229\/revisions"}],"wp:attachment":[{"href":"https:\/\/obscom.intervozes.org.br\/index.php?rest_route=%2Fwp%2Fv2%2Fmedia&parent=25229"}],"wp:term":[{"taxonomy":"category","embeddable":true,"href":"https:\/\/obscom.intervozes.org.br\/index.php?rest_route=%2Fwp%2Fv2%2Fcategories&post=25229"},{"taxonomy":"post_tag","embeddable":true,"href":"https:\/\/obscom.intervozes.org.br\/index.php?rest_route=%2Fwp%2Fv2%2Ftags&post=25229"}],"curies":[{"name":"wp","href":"https:\/\/api.w.org\/{rel}","templated":true}]}}