{"id":25228,"date":"2011-01-06T16:29:33","date_gmt":"2011-01-06T16:29:33","guid":{"rendered":"https:\/\/obscom.intervozes.org.br\/wordpress\/?p=25228"},"modified":"2011-01-06T16:29:33","modified_gmt":"2011-01-06T16:29:33","slug":"entidade-quer-criacao-de-subsecretaria-de-radio-comunitaria","status":"publish","type":"post","link":"https:\/\/obscom.intervozes.org.br\/?p=25228","title":{"rendered":"Entidade quer cria\u00e7\u00e3o de subsecretaria de R\u00e1dio Comunit\u00e1ria"},"content":{"rendered":"<p class=\"padrao\">A Associa&ccedil;&atilde;o Brasileira de Radiodifus&atilde;o Comunit&aacute;ria (Abra&ccedil;o) ir&aacute; fazer em breve uma reuni&atilde;o com o ministro das Comunica&ccedil;&otilde;es, Paulo Bernardo, para cobrar dele o compromisso firmado pelo governo Lula durante a 1&ordf; Confer&ecirc;ncia Nacional de Comunica&ccedil;&atilde;o (em dezembro de 2009) com as emissoras comunit&aacute;rias. Uma das principais reivindica&ccedil;&otilde;es &eacute; a cria&ccedil;&atilde;o da Subsecretaria de Radiodifus&atilde;o Comunit&aacute;ria.<\/p>\n<p>Atualmente a an&aacute;lise dos pedidos para cria&ccedil;&atilde;o de novas r&aacute;dios comunit&aacute;rias &eacute; feita pelo mesmo grupo que cuida das outorgas das emissoras comerciais. Para a Abra&ccedil;o, a nova subsecretaria agilizaria os processos e fortaleceria a pol&iacute;tica para o setor dentro do governo. O pedido consta em um documento que possui mais 12 reivindica&ccedil;&otilde;es e foi assinado por representantes do Minist&eacute;rio das Comunica&ccedil;&otilde;es (Minicom), Secretaria Geral da Presid&ecirc;ncia da Rep&uacute;blica e Secretaria de Comunica&ccedil;&atilde;o Social da Presid&ecirc;ncia da Rep&uacute;blica.<\/p>\n<p>&ldquo;Acordos s&atilde;o para sempre cumpridos&rdquo;, ressaltou o coordenador da Abra&ccedil;o, Jos&eacute; S&oacute;ter. O ministro Paulo Bernardo ainda n&atilde;o se manifestou sobre o assunto. Disse apenas, em sua posse, que pretende fortalecer as r&aacute;dios comunit&aacute;rias. Sobre o organograma do Minist&eacute;rio, o que est&aacute; certo por enquanto &eacute; a cria&ccedil;&atilde;o de uma secretaria que vai centralizar as pol&iacute;ticas de inclus&atilde;o digital do governo.<\/p>\n<p>Al&eacute;m da cria&ccedil;&atilde;o da subsecretaria, a carta de reivindica&ccedil;&otilde;es ainda cont&eacute;m quest&otilde;es como a abertura de aviso de habilita&ccedil;&atilde;o permanente, com prefer&ecirc;ncia para as regi&otilde;es n&atilde;o atendidas por r&aacute;dios comunit&aacute;rias; realiza&ccedil;&atilde;o de mutir&atilde;o para colocar em dia os processos que est&atilde;o em tr&acirc;mite no Minicom; cria&ccedil;&atilde;o de representa&ccedil;&otilde;es estaduais do Minist&eacute;rio (atualmente s&oacute; existem cinco delegacias regionais) e destina&ccedil;&atilde;o de publicidade institucional e de utilidade p&uacute;blicas para as r&aacute;dios comunit&aacute;rias, considerando a lei.<\/p>\n<p>O coordenador da Abra&ccedil;o, Jos&eacute; S&oacute;ter, avalia que o novo cen&aacute;rio dentro do Minist&eacute;rio das Comunica&ccedil;&otilde;es est&aacute; mais prop&iacute;cio a avan&ccedil;os para seu setor. &ldquo;O fato de o ministro ser uma pessoa que n&atilde;o &eacute; ligada aos interesses do mercado j&aacute; &eacute; positivo&rdquo;, analisa S&oacute;ter.<\/p>\n<p>Mas n&atilde;o ser&aacute; f&aacute;cil para o novo governo resolver o d&eacute;ficit hist&oacute;rico com os radiodifusores comunit&aacute;rios. S&oacute;ter avalia que o governo Lula tamb&eacute;m n&atilde;o desfez essa d&iacute;vida. Em sua avalia&ccedil;&atilde;o, o Minicom nos &uacute;ltimos oito anos manteve a l&oacute;gica de tratar desigualmente as r&aacute;dios comunit&aacute;rias e as emissoras comerciais. Ele lembra, por exemplo, que o Minicom sequer mandou representa&ccedil;&atilde;o para os congressos da entidade, enquanto sempre deu suporte aos eventos das entidades que representam os ve&iacute;culos comerciais.<\/p>\n<p>Para S&oacute;ter, o atual governo deve mesmo fazer profundas mudan&ccedil;as dentro do Minicom. Elas passam, em sua opini&atilde;o, por mudan&ccedil;as na l&oacute;gica das pol&iacute;ticas, na reorganiza&ccedil;&atilde;o de sua estrutura e tamb&eacute;m nos recursos humanos da pasta. S&oacute;ter denuncia a exist&ecirc;ncia de funcion&aacute;rios do Minist&eacute;rio que cobram dinheiro para agilizar determinados processos para funcionamento de r&aacute;dios comunit&aacute;rias. A Abra&ccedil;o afirma que vai levar essa den&uacute;ncia ao ministro. <\/p>\n","protected":false},"excerpt":{"rendered":"<p>Associa&ccedil;&atilde;o Brasileira de Radiodifus&atilde;o Comunit&aacute;ria (Abra&ccedil;o) pretende  cobrar do novo ministro das comunica&ccedil;&otilde;es compromisso firmado pelo governo Lula durante a 1&ordf;  ConfeCom<\/p>\n","protected":false},"author":1,"featured_media":0,"comment_status":"open","ping_status":"open","sticky":false,"template":"","format":"standard","meta":{"footnotes":""},"categories":[40],"tags":[1469],"_links":{"self":[{"href":"https:\/\/obscom.intervozes.org.br\/index.php?rest_route=\/wp\/v2\/posts\/25228"}],"collection":[{"href":"https:\/\/obscom.intervozes.org.br\/index.php?rest_route=\/wp\/v2\/posts"}],"about":[{"href":"https:\/\/obscom.intervozes.org.br\/index.php?rest_route=\/wp\/v2\/types\/post"}],"author":[{"embeddable":true,"href":"https:\/\/obscom.intervozes.org.br\/index.php?rest_route=\/wp\/v2\/users\/1"}],"replies":[{"embeddable":true,"href":"https:\/\/obscom.intervozes.org.br\/index.php?rest_route=%2Fwp%2Fv2%2Fcomments&post=25228"}],"version-history":[{"count":0,"href":"https:\/\/obscom.intervozes.org.br\/index.php?rest_route=\/wp\/v2\/posts\/25228\/revisions"}],"wp:attachment":[{"href":"https:\/\/obscom.intervozes.org.br\/index.php?rest_route=%2Fwp%2Fv2%2Fmedia&parent=25228"}],"wp:term":[{"taxonomy":"category","embeddable":true,"href":"https:\/\/obscom.intervozes.org.br\/index.php?rest_route=%2Fwp%2Fv2%2Fcategories&post=25228"},{"taxonomy":"post_tag","embeddable":true,"href":"https:\/\/obscom.intervozes.org.br\/index.php?rest_route=%2Fwp%2Fv2%2Ftags&post=25228"}],"curies":[{"name":"wp","href":"https:\/\/api.w.org\/{rel}","templated":true}]}}