{"id":25221,"date":"2011-01-05T14:54:39","date_gmt":"2011-01-05T14:54:39","guid":{"rendered":"https:\/\/obscom.intervozes.org.br\/wordpress\/?p=25221"},"modified":"2011-01-05T14:54:39","modified_gmt":"2011-01-05T14:54:39","slug":"rezende-emplaca-o-novo-consultor-juridico-do-ministerio-das-comunicacoes","status":"publish","type":"post","link":"https:\/\/obscom.intervozes.org.br\/?p=25221","title":{"rendered":"Rezende emplaca o novo Consultor Jur\u00eddico do Minist\u00e9rio das Comunica\u00e7\u00f5es"},"content":{"rendered":"<p><strong><span class=\"padrao\">Luiz Queiroz &#8211; Converg&ecirc;ncia Digital<\/span><\/strong><\/p>\n<p>&nbsp;<\/p>\n<p><span class=\"padrao\">Saiu no Di&aacute;rio Oficial da Uni&atilde;o desta quarta-feira (05) a nomea&ccedil;&atilde;o de Rodrigo Zerbone Loureiro para o cargo de Consultor Jur&iacute;dico do Minist&eacute;rio das Comunica&ccedil;&otilde;es. O advogado trabalhava junto ao gabinete do conselheiro da Anatel Jo&atilde;o Batista Rezende, hoje apontado dentro e fora da ag&ecirc;ncia como o futuro presidente da Anatel, dada a proximidade que tem com o ministro Paulo Bernardo.<\/span><\/p>\n<p>&nbsp;<\/p>\n<p><span class=\"padrao\">Rodrigo &eacute; graduado em Direito pela Universidade Federal do Esp&iacute;rito Santo (Ufes), membro da carreira de Especialista em Pol&iacute;ticas P&uacute;blicas e Gest&atilde;o Governamental desde 2006. Trabalhou como assessor no Superior Tribunal de Justi&ccedil;a (STJ), na Casa Civil da Presid&ecirc;ncia da Rep&uacute;blica e no Conselho Administrativo de Defesa Econ&ocirc;mica (Cade). L&aacute; foi chefe de gabinete da Presid&ecirc;ncia. Sua &uacute;ltima fun&ccedil;&atilde;o foi a de assessor do Conselho-Diretor, lotado no gabinete de Jo&atilde;o Rezende.<\/span><\/p>\n<p>&nbsp;<\/p>\n<p><span class=\"padrao\">Ele substituir&aacute; o advogado &Eacute;dio Henrique de Almeida Jos&eacute; e Azevedo, que est&aacute; deixando o Minist&eacute;rio das Comunica&ccedil;&otilde;es.<\/span><\/p>\n","protected":false},"excerpt":{"rendered":"<p>Luiz Queiroz &#8211; Converg&ecirc;ncia Digital &nbsp; Saiu no Di&aacute;rio Oficial da Uni&atilde;o desta quarta-feira (05) a nomea&ccedil;&atilde;o de Rodrigo Zerbone Loureiro para o cargo de Consultor Jur&iacute;dico do Minist&eacute;rio das Comunica&ccedil;&otilde;es. O advogado trabalhava junto ao gabinete do conselheiro da Anatel Jo&atilde;o Batista Rezende, hoje apontado dentro e fora da ag&ecirc;ncia como o futuro presidente &hellip; <a href=\"https:\/\/obscom.intervozes.org.br\/?p=25221\" class=\"more-link\">Continue lendo <span class=\"screen-reader-text\">Rezende emplaca o novo Consultor Jur\u00eddico do Minist\u00e9rio das Comunica\u00e7\u00f5es<\/span> <span class=\"meta-nav\">&rarr;<\/span><\/a><\/p>\n","protected":false},"author":1,"featured_media":0,"comment_status":"open","ping_status":"open","sticky":false,"template":"","format":"standard","meta":{"footnotes":""},"categories":[39],"tags":[],"_links":{"self":[{"href":"https:\/\/obscom.intervozes.org.br\/index.php?rest_route=\/wp\/v2\/posts\/25221"}],"collection":[{"href":"https:\/\/obscom.intervozes.org.br\/index.php?rest_route=\/wp\/v2\/posts"}],"about":[{"href":"https:\/\/obscom.intervozes.org.br\/index.php?rest_route=\/wp\/v2\/types\/post"}],"author":[{"embeddable":true,"href":"https:\/\/obscom.intervozes.org.br\/index.php?rest_route=\/wp\/v2\/users\/1"}],"replies":[{"embeddable":true,"href":"https:\/\/obscom.intervozes.org.br\/index.php?rest_route=%2Fwp%2Fv2%2Fcomments&post=25221"}],"version-history":[{"count":0,"href":"https:\/\/obscom.intervozes.org.br\/index.php?rest_route=\/wp\/v2\/posts\/25221\/revisions"}],"wp:attachment":[{"href":"https:\/\/obscom.intervozes.org.br\/index.php?rest_route=%2Fwp%2Fv2%2Fmedia&parent=25221"}],"wp:term":[{"taxonomy":"category","embeddable":true,"href":"https:\/\/obscom.intervozes.org.br\/index.php?rest_route=%2Fwp%2Fv2%2Fcategories&post=25221"},{"taxonomy":"post_tag","embeddable":true,"href":"https:\/\/obscom.intervozes.org.br\/index.php?rest_route=%2Fwp%2Fv2%2Ftags&post=25221"}],"curies":[{"name":"wp","href":"https:\/\/api.w.org\/{rel}","templated":true}]}}