{"id":25220,"date":"2011-01-05T14:53:00","date_gmt":"2011-01-05T14:53:00","guid":{"rendered":"https:\/\/obscom.intervozes.org.br\/wordpress\/?p=25220"},"modified":"2011-01-05T14:53:00","modified_gmt":"2011-01-05T14:53:00","slug":"artistas-questionam-construcao-de-teatro-em-sao-paulo","status":"publish","type":"post","link":"https:\/\/obscom.intervozes.org.br\/?p=25220","title":{"rendered":"Artistas questionam constru\u00e7\u00e3o de teatro em S\u00e3o Paulo"},"content":{"rendered":"<p class=\"padrao\">O ator e presidente da Cooperativa Paulista de Teatro, Ney Piacentini, avalia que os R$ 700 milh&otilde;es destinados &agrave; constru&ccedil;&atilde;o poderiam ser investidos de outra maneira. Ela tamb&eacute;m reclama da falta de di&aacute;logo da prefeitura com a sociedade.<\/p>\n<p>Em entrevista &agrave; Radioagencia NP, Piacentini destacou que a prefeitura quer criar o maior p&oacute;lo cultural da Am&eacute;rica Latina, na regi&atilde;o da Luz, no Centro. Por&eacute;m, ao mesmo tempo, tem dificultado o acesso dos artistas aos fundos p&uacute;blicos para cultura.<\/p>\n<p>Na opini&atilde;o do ator, os artistas est&atilde;o diante de uma luta desleal com o governo no munic&iacute;pio. &ldquo;Temos estrutura jur&iacute;dica para nos defender, mas n&atilde;o tem sido suficiente para reverter esses sucessivos ataques&rdquo;, comentou Piacentini. Ele chamou a situa&ccedil;&atilde;o de &ldquo;privatiza&ccedil;&atilde;o indireta da cultura&rdquo;.<\/p>\n<p>O ator explicou que antes os artistas tinham acesso direto aos fundos p&uacute;blicos e &agrave;s leis de fomento. Agora, precisam se submeter a &ldquo;Organiza&ccedil;&otilde;es Sociais&rdquo; para acessar o dinheiro. Segundo Piacentini, os intermedi&aacute;rios foram criados pelo governo do PSDB em escala nacional e estadual.<\/p>\n<p>Sobre o novo centro de dan&ccedil;a no centro de S&atilde;o Paulo, Ney Piacentini destacou a falta de di&aacute;logo com a sociedade como marca do projeto. Para come&ccedil;ar, foi contratado um escrit&oacute;rio de arquitetura estrangeiro, o que gerou pol&ecirc;mica com os arquitetos.<\/p>\n<p>Al&eacute;m disso, a sociedade n&atilde;o foi consultada se preferia o novo teatro a, por exemplo, investimentos para a manuten&ccedil;&atilde;o da TV Cultura de S&atilde;o Paulo. Piacentini lembrou que a tradicional emissora p&uacute;blica est&aacute; sendo desmantelada.<\/p>\n<p>Para Piacentini, n&atilde;o &eacute; preciso aprovar uma nova lei, mas uma pol&iacute;tica de cultura para a maior cidade do Brasil, S&atilde;o Paulo. Para isso, diz o ator, os artistas devem ir &agrave;s ruas. &ldquo;Isso &eacute; o que a gente est&aacute; fazendo. Tentando influenciar a opini&atilde;o p&uacute;blica e mostrar o sufoco que a gente est&aacute; passando&rdquo;, desabafou.<\/p>\n","protected":false},"excerpt":{"rendered":"<p>O ator e presidente da Cooperativa Paulista de Teatro, Ney Piacentini, avalia que os R$ 700 milh&otilde;es destinados &agrave; constru&ccedil;&atilde;o poderiam ser investidos de outra maneira. Ela tamb&eacute;m reclama da falta de di&aacute;logo da prefeitura com a sociedade. Em entrevista &agrave; Radioagencia NP, Piacentini destacou que a prefeitura quer criar o maior p&oacute;lo cultural da &hellip; <a href=\"https:\/\/obscom.intervozes.org.br\/?p=25220\" class=\"more-link\">Continue lendo <span class=\"screen-reader-text\">Artistas questionam constru\u00e7\u00e3o de teatro em S\u00e3o Paulo<\/span> <span class=\"meta-nav\">&rarr;<\/span><\/a><\/p>\n","protected":false},"author":1,"featured_media":0,"comment_status":"open","ping_status":"open","sticky":false,"template":"","format":"standard","meta":{"footnotes":""},"categories":[40],"tags":[977],"_links":{"self":[{"href":"https:\/\/obscom.intervozes.org.br\/index.php?rest_route=\/wp\/v2\/posts\/25220"}],"collection":[{"href":"https:\/\/obscom.intervozes.org.br\/index.php?rest_route=\/wp\/v2\/posts"}],"about":[{"href":"https:\/\/obscom.intervozes.org.br\/index.php?rest_route=\/wp\/v2\/types\/post"}],"author":[{"embeddable":true,"href":"https:\/\/obscom.intervozes.org.br\/index.php?rest_route=\/wp\/v2\/users\/1"}],"replies":[{"embeddable":true,"href":"https:\/\/obscom.intervozes.org.br\/index.php?rest_route=%2Fwp%2Fv2%2Fcomments&post=25220"}],"version-history":[{"count":0,"href":"https:\/\/obscom.intervozes.org.br\/index.php?rest_route=\/wp\/v2\/posts\/25220\/revisions"}],"wp:attachment":[{"href":"https:\/\/obscom.intervozes.org.br\/index.php?rest_route=%2Fwp%2Fv2%2Fmedia&parent=25220"}],"wp:term":[{"taxonomy":"category","embeddable":true,"href":"https:\/\/obscom.intervozes.org.br\/index.php?rest_route=%2Fwp%2Fv2%2Fcategories&post=25220"},{"taxonomy":"post_tag","embeddable":true,"href":"https:\/\/obscom.intervozes.org.br\/index.php?rest_route=%2Fwp%2Fv2%2Ftags&post=25220"}],"curies":[{"name":"wp","href":"https:\/\/api.w.org\/{rel}","templated":true}]}}