{"id":25218,"date":"2011-01-04T16:03:50","date_gmt":"2011-01-04T16:03:50","guid":{"rendered":"https:\/\/obscom.intervozes.org.br\/wordpress\/?p=25218"},"modified":"2011-01-04T16:03:50","modified_gmt":"2011-01-04T16:03:50","slug":"luta-contra-publicidade-de-alimentos-nao-saudaveis-ganha-reforco","status":"publish","type":"post","link":"https:\/\/obscom.intervozes.org.br\/?p=25218","title":{"rendered":"Luta contra publicidade de alimentos n\u00e3o saud\u00e1veis ganha refor\u00e7o"},"content":{"rendered":"<p><span class=\"padrao\">Em dezembro, mais de 50 entidades de todo o Brasil, representando diversos movimentos sociais, lan&ccedil;aram a Frente pela Regula&ccedil;&atilde;o da Publicidade de Alimentos em evento na Faculdade de Sa&uacute;de P&uacute;blica da Universidade de S&atilde;o Paulo (FSP-USP), cujo objetivo principal &eacute; pressionar o poder p&uacute;blico a estabelecer normas que regulem a publicidade de alimentos, monitore o cumprimento dessas normas &ldquo;de modo a evitar preju&iacute;zo &agrave; sa&uacute;de da popula&ccedil;&atilde;o&rdquo; e puna &ldquo;severamente todos que a descumprirem&rdquo;, afirma manifesto fundador.<\/p>\n<p>O manifesto afirma que est&aacute; havendo substitui&ccedil;&atilde;o de alimentos saud&aacute;veis como arroz e feij&atilde;o, por bebidas e alimentos ultraprocessados segundo as peri&oacute;dicas Pesquisas de Or&ccedil;amentos Familiares do IBGE. S&atilde;o denominados ultraprocessados as comidas densamente cal&oacute;ricas e com baixa concentra&ccedil;&atilde;o de nutrientes. O consumo cada vez maior destes alimentos n&atilde;o saud&aacute;veis estaria levando a popula&ccedil;&atilde;o a engordar: em pesquisa realizada em 2008-2009, o IBGE constatou que metade dos adultos brasileiros, um em cada cinco adolescentes e uma em cada tr&ecirc;s crian&ccedil;as de 5 a 9 anos apresentavam peso excessivo.<\/p>\n<p>As entidades que comp&otilde;em a Frente pedem esfor&ccedil;os urgentes do poder p&uacute;blico para barrar a deteriora&ccedil;&atilde;o do padr&atilde;o alimentar do brasileiro, pois tal &eacute; respons&aacute;vel pela explos&atilde;o de obesidade e outras doen&ccedil;as relacionadas &agrave; m&aacute; alimenta&ccedil;&atilde;o. Uma das tarefas do Estado seria a informa&ccedil;&atilde;o adequada &agrave; popula&ccedil;&atilde;o, deixando claro a todos que alimentos com altas concentra&ccedil;&otilde;es de a&ccedil;&uacute;car, certas gorduras e s&oacute;dio &ndash; caracter&iacute;sticas encontradas na imensa maioria dos ultraprocessados &ndash; causam graves danos &agrave; popula&ccedil;&atilde;o.<\/p>\n<p>A Frente, atrav&eacute;s do seu manifesto, demonstra particular preocupa&ccedil;&atilde;o com as crian&ccedil;as: &ldquo;se sabe que justamente estes alimentos s&atilde;o aqueles mais anunciados por meio de campanhas publicit&aacute;rias no pa&iacute;s, inclusive com pe&ccedil;as dirigidas especificamente ao p&uacute;blico infantil, incentivando-se o consumo exagerado de alimentos ultraprocessados desde a inf&acirc;ncia, contribuindo-se assim para a forma&ccedil;&atilde;o de h&aacute;bitos alimentares n&atilde;o saud&aacute;veis&rdquo;.<\/p>\n<p>As entidades assinantes &ndash; tais como Intervozes, Projeto Crian&ccedil;a e Consumo, Escola Nacional de Sa&uacute;de P&uacute;blica, Associa&ccedil;&atilde;o Brasileira de Nutri&ccedil;&atilde;o entre outras &ndash; acreditam que o consumo excessivo &eacute; acompanhado de uma publicidade agressiva e irrespons&aacute;vel &ldquo;&Eacute; ineg&aacute;vel do ponto de vista cient&iacute;fico o efeito da publicidade sobre a decis&atilde;o de compra e escolha das fam&iacute;lias&rdquo;. No caso das crian&ccedil;as, acrescentam, existem fortes evid&ecirc;ncias que mostram que as crian&ccedil;as preferem produtos anunciados &agrave;queles que n&atilde;o s&atilde;o.<\/p>\n<p>O controle da publicidade de alimentos, como deseja os movimentos sociais em quest&atilde;o, veicularia a informa&ccedil;&atilde;o completa da qualidade nutricional dos produtos, e o aviso de que seu consumo pode colocar em risco a sa&uacute;de e qualidade de vida. Essa medida faria cumprir dois direitos previstos na Constitui&ccedil;&atilde;o: prote&ccedil;&atilde;o da sa&uacute;de da popula&ccedil;&atilde;o e garantia de informa&ccedil;&atilde;o precisa. Al&eacute;m disso, a necessidade de informar a sociedade j&aacute; integra diversas recomenda&ccedil;&otilde;es e normas nacionais e mundiais.<\/p>\n<p>As ind&uacute;strias de alimentos, tradicionalmente reagem &agrave;s tentativas de regula&ccedil;&atilde;o da publicidade alegando censura, como em epis&oacute;dio desse ano, quando a Anvisa soltou emitiu resoluc&atilde;o de quem as publicidades deveriam <a href=\"http:\/\/www.propmark.com.br\/publique\/cgi\/cgilua.exe\/sys\/start.htm?infoid=60923&amp;sid=6\" target=\"_blank\">ter avisos de riscos<\/a>.&nbsp; A Frente j&aacute; se posiciona contr&aacute;ria &agrave; essa ideia: &ldquo;de modo algum isso pode ser entendido como censura. Diversamente da livre express&atilde;o de id&eacute;ias e opini&otilde;es, a publicidade visa &agrave; comercializa&ccedil;&atilde;o de produtos e servi&ccedil;os e, portanto, est&aacute; sujeita &agrave; regula&ccedil;&atilde;o por parte do Estado, como indica a pr&oacute;pria Constitui&ccedil;&atilde;o no inciso 29 do artigo 22: &lsquo;compete privativamente &agrave; Uni&atilde;o legislar sobre propaganda comercial&rsquo;&rdquo;.<\/span><\/p>\n<p><span class=\"padrao\">Existe no Brasil os direitos &agrave; sa&uacute;de e &agrave; alimenta&ccedil;&atilde;o adequada, e ainda a Lei Org&acirc;nica de Seguran&ccedil;a Alimentar e Nutricional (n&ordm; 11.346\/06), afirmam ainda por meio do manifesto.<\/span><\/p>\n<p><span class=\"padrao\">Ades&otilde;es &agrave; Frente pela Regula&ccedil;&atilde;o da Publicidade de Alimentos podem ser encaminhadas para o e-mail: <a href=\"mailto:regulacaodealimentos@gmail.com\">regulacaodealimentos@gmail.com<\/a> <\/span><\/p>\n<p>&nbsp;<\/p>\n<p>&nbsp;<\/p>\n","protected":false},"excerpt":{"rendered":"<p>Em dezembro, mais de 50 entidades de todo o Brasil, representando diversos movimentos sociais, lan&ccedil;aram a Frente pela Regula&ccedil;&atilde;o da Publicidade de Alimentos em evento na Faculdade de Sa&uacute;de P&uacute;blica da Universidade de S&atilde;o Paulo (FSP-USP), cujo objetivo principal &eacute; pressionar o poder p&uacute;blico a estabelecer normas que regulem a publicidade de alimentos, monitore o &hellip; <a href=\"https:\/\/obscom.intervozes.org.br\/?p=25218\" class=\"more-link\">Continue lendo <span class=\"screen-reader-text\">Luta contra publicidade de alimentos n\u00e3o saud\u00e1veis ganha refor\u00e7o<\/span> <span class=\"meta-nav\">&rarr;<\/span><\/a><\/p>\n","protected":false},"author":1,"featured_media":0,"comment_status":"open","ping_status":"open","sticky":false,"template":"","format":"standard","meta":{"footnotes":""},"categories":[40],"tags":[366],"_links":{"self":[{"href":"https:\/\/obscom.intervozes.org.br\/index.php?rest_route=\/wp\/v2\/posts\/25218"}],"collection":[{"href":"https:\/\/obscom.intervozes.org.br\/index.php?rest_route=\/wp\/v2\/posts"}],"about":[{"href":"https:\/\/obscom.intervozes.org.br\/index.php?rest_route=\/wp\/v2\/types\/post"}],"author":[{"embeddable":true,"href":"https:\/\/obscom.intervozes.org.br\/index.php?rest_route=\/wp\/v2\/users\/1"}],"replies":[{"embeddable":true,"href":"https:\/\/obscom.intervozes.org.br\/index.php?rest_route=%2Fwp%2Fv2%2Fcomments&post=25218"}],"version-history":[{"count":0,"href":"https:\/\/obscom.intervozes.org.br\/index.php?rest_route=\/wp\/v2\/posts\/25218\/revisions"}],"wp:attachment":[{"href":"https:\/\/obscom.intervozes.org.br\/index.php?rest_route=%2Fwp%2Fv2%2Fmedia&parent=25218"}],"wp:term":[{"taxonomy":"category","embeddable":true,"href":"https:\/\/obscom.intervozes.org.br\/index.php?rest_route=%2Fwp%2Fv2%2Fcategories&post=25218"},{"taxonomy":"post_tag","embeddable":true,"href":"https:\/\/obscom.intervozes.org.br\/index.php?rest_route=%2Fwp%2Fv2%2Ftags&post=25218"}],"curies":[{"name":"wp","href":"https:\/\/api.w.org\/{rel}","templated":true}]}}