{"id":25217,"date":"2011-01-04T15:41:47","date_gmt":"2011-01-04T15:41:47","guid":{"rendered":"https:\/\/obscom.intervozes.org.br\/wordpress\/?p=25217"},"modified":"2011-01-04T15:41:47","modified_gmt":"2011-01-04T15:41:47","slug":"prazo-para-inscricao-no-aviso-de-habilitacao-de-radios-comunitarias-vai-ate-10-de-janeiro","status":"publish","type":"post","link":"https:\/\/obscom.intervozes.org.br\/?p=25217","title":{"rendered":"Prazo para inscri\u00e7\u00e3o no aviso de habilita\u00e7\u00e3o de r\u00e1dios comunit\u00e1rias vai at\u00e9 10 de janeiro"},"content":{"rendered":"<p><span class=\"padrao\">Entidades de 86 munic&iacute;pios interessadas em operar uma r&aacute;dio comunit&aacute;ria tem at&eacute; o pr&oacute;ximo dia 10 de janeiro para enviarem ao Minist&eacute;rio das Comunica&ccedil;&otilde;es a documenta&ccedil;&atilde;o necess&aacute;ria para se inscreverem no aviso de habilita&ccedil;&atilde;o publicado em novembro.<\/span><span class=\"padrao\"><\/p>\n<p>Podem se habilitar associa&ccedil;&otilde;es e funda&ccedil;&otilde;es comunit&aacute;rias legalmente constitu&iacute;das, com sede na regi&atilde;o onde pretendem prestar o servi&ccedil;o. As entidades tamb&eacute;m devem efetuar o pagamento de uma taxa de cadastramento de R$ 20,00. Os formul&aacute;rios necess&aacute;rios para o cadastro est&atilde;o <a href=\"http:\/\/www.mc.gov.br\/radio-comunitaria\" target=\"_blank\">no site do minist&eacute;rio<\/a> .<\/p>\n<p>Veja os munic&iacute;pios abrangidos pelo aviso de habilita&ccedil;&atilde;o publicado inicialmente em 12 de novembro e prorrogado no dia 26 de novembro:<\/span><\/p>\n<p>&nbsp;<\/p>\n<p><span class=\"padrao\">AM: Japura e Tonantins.<\/span><\/p>\n<p><span class=\"padrao\">BA: Ant&ocirc;nio Gon&ccedil;alves, Caetanos, Campo Alegre de Lourdes, Cardeal da Silva, Ipecaet&aacute;, Iraquara, Itagua&ccedil;u, Jaguaquara, Jo&atilde;o Dourado, Jussara &#8211; Distrito de Recife, Mansid&atilde;o &#8211; Distrito de Aroeiras, Presidente Dutra &#8211; Distrito de Campo Formoso, Santa Rita de C&aacute;ssia &#8211; Assentamento Antonio Conselheiro II e Uiba&iacute; &#8211; Distrito de Hidrol&acirc;ndia.<\/span><\/p>\n<p><span class=\"padrao\">CE: Cedro &#8211; Distrito de Santo Ant&ocirc;nio, Cedro &#8211; Distrito de V&aacute;rzea da Concei&ccedil;&atilde;o e Ibaretama.<\/span><\/p>\n<p><span class=\"padrao\">DF: Condom&iacute;nio Jardim Bot&acirc;nico e Riacho Fundo<\/span><\/p>\n<p><span class=\"padrao\">ES: Presidente Kennedy<\/span><\/p>\n<p><span class=\"padrao\">GO: Goi&aacute;s, Inhumas, Itabera&iacute;, Goian&eacute;sia, Goi&acirc;nia &#8211; Jardim Guanabara I, Goi&acirc;nia &#8211; Jardim Primavera, Goi&acirc;nia &#8211; Goi&acirc;nia Viva, Professor Jamil, Rio Quente e Santa Terezinha de Goi&aacute;s<\/span><\/p>\n<p><span class=\"padrao\">MG: Betim, Divino das Laranjeiras, Monte Formoso, Montes Claros, Prados &#8211; Comunidade Vitoriano Veloso, S&atilde;o Francisco &#8211; Distrito de Morro e Ubaporanga &#8211; Distrito de S&atilde;o Jos&eacute; do Batatal<\/span><\/p>\n<p><span class=\"padrao\">MT: Guiratinga, Juruena, Nova Maril&acirc;ndia, Peixoto de Azevedo, Pontes e Lacerda e Sinop<\/span><\/p>\n<p><span class=\"padrao\">PB: Duas Estradas, Parar&iacute;, Passagem<\/span> , S&atilde;o Louren&ccedil;o da Mata, Corrente, Cristino Castro, Jardim do Mulato e Sebasti&atilde;o Barros<\/p>\n<p><span class=\"padrao\">PR: Agudos do Sul, Ampere, Arapongas, Campina da Lagoa, Campina Grande do Sul, Itapejara do Oeste &#8211; Vila Barra Grande, Itapejara do Oeste &#8211; Vila Coxilha Rica, Nova Esperan&ccedil;a e S&atilde;o Jos&eacute; dos Pinhais<\/span><\/p>\n<p><span class=\"padrao\">RJ: S&atilde;o Jo&atilde;o da Barra<\/span><\/p>\n<p><span class=\"padrao\">RN: A&ccedil;u, Apodi &#8211; Comunidade Santa Rosa, Carnaubais, Carna&uacute;ba dos Dantas &#8211; Povoado Ermo e Taipu &#8211; Vila Gameleira<\/span><\/p>\n<p><span class=\"padrao\">RO: Ji-Paran&aacute; &#8211; Distrito de Nova Londrina, Porto Velho &#8211; Distrito de Nova Calif&oacute;rnia, Porto Velho &#8211; Distrito de Vista Alegre, Presidente M&eacute;dice &#8211; Distrito de Estrela de Rond&ocirc;nia e Espig&atilde;o do Oeste &#8211; Distrito de Boa Vista do Pacarana<\/span><\/p>\n<p><span class=\"padrao\">RR: Caroebe<\/span><\/p>\n<p><span class=\"padrao\">RS: Amaral Ferrador, Cerro Grande do Sul, Espumoso, Ijui, Jaboticaba &#8211; Vila Trentim, Jaquirana, Rio Pardo, Santa Vit&oacute;ria do Palmar e S&atilde;o Jos&eacute; do Hort&ecirc;ncio<\/span><\/p>\n<p><span class=\"padrao\">SC: Balne&aacute;rio Barra do Sul<\/span><\/p>\n<p><span class=\"padrao\">SP: S&atilde;o Louren&ccedil;o da Serra<\/span><\/p>\n","protected":false},"excerpt":{"rendered":"\n<p><span class=\"padrao\">Associa&ccedil;&otilde;es e funda&ccedil;&otilde;es comunit&aacute;rias devem consultar o item R&aacute;dio Comunit&aacute;ria do site do MC<\/span><\/p>\n","protected":false},"author":1,"featured_media":0,"comment_status":"open","ping_status":"open","sticky":false,"template":"","format":"standard","meta":{"footnotes":""},"categories":[40],"tags":[1467],"_links":{"self":[{"href":"https:\/\/obscom.intervozes.org.br\/index.php?rest_route=\/wp\/v2\/posts\/25217"}],"collection":[{"href":"https:\/\/obscom.intervozes.org.br\/index.php?rest_route=\/wp\/v2\/posts"}],"about":[{"href":"https:\/\/obscom.intervozes.org.br\/index.php?rest_route=\/wp\/v2\/types\/post"}],"author":[{"embeddable":true,"href":"https:\/\/obscom.intervozes.org.br\/index.php?rest_route=\/wp\/v2\/users\/1"}],"replies":[{"embeddable":true,"href":"https:\/\/obscom.intervozes.org.br\/index.php?rest_route=%2Fwp%2Fv2%2Fcomments&post=25217"}],"version-history":[{"count":0,"href":"https:\/\/obscom.intervozes.org.br\/index.php?rest_route=\/wp\/v2\/posts\/25217\/revisions"}],"wp:attachment":[{"href":"https:\/\/obscom.intervozes.org.br\/index.php?rest_route=%2Fwp%2Fv2%2Fmedia&parent=25217"}],"wp:term":[{"taxonomy":"category","embeddable":true,"href":"https:\/\/obscom.intervozes.org.br\/index.php?rest_route=%2Fwp%2Fv2%2Fcategories&post=25217"},{"taxonomy":"post_tag","embeddable":true,"href":"https:\/\/obscom.intervozes.org.br\/index.php?rest_route=%2Fwp%2Fv2%2Ftags&post=25217"}],"curies":[{"name":"wp","href":"https:\/\/api.w.org\/{rel}","templated":true}]}}