{"id":25200,"date":"2010-12-20T16:15:30","date_gmt":"2010-12-20T16:15:30","guid":{"rendered":"https:\/\/obscom.intervozes.org.br\/wordpress\/?p=25200"},"modified":"2010-12-20T16:15:30","modified_gmt":"2010-12-20T16:15:30","slug":"proposta-de-lei-de-comunicacao-aproveita-conceitos-ja-discutidos","status":"publish","type":"post","link":"https:\/\/obscom.intervozes.org.br\/?p=25200","title":{"rendered":"Proposta de lei de comunica\u00e7\u00e3o aproveita conceitos j\u00e1 discutidos"},"content":{"rendered":"<p><span class=\"padrao\">Foi assim com as minutas de Lei de Comunica&ccedil;&atilde;o de Massa elaboradas ainda no governo Fernando Henrique Cardoso, em 1998 e em 2001, passando pela proposta de Ancinav elaborada sob a batuta do ex-ministro tucano Pedro Parente tamb&eacute;m em 2001 (e que deu origem &agrave; MP 2.228\/2001, que criou a Ancine), depois pelo projeto da Ancinav conduzido pelo ministro Gilberto Gil em 2004. Nos pr&oacute;ximos dias deve ser conclu&iacute;da mais uma proposta de texto para discuss&atilde;o: o anteprojeto a ser deixado pela Secretaria de Comunica&ccedil;&atilde;o Social da Presid&ecirc;ncia (Secom), comandada por Franklin Martins, para a presidente eleita Dilma Rousseff e o futuro ministro das Comunica&ccedil;&otilde;es Paulo Bernardo.<\/p>\n<p>As minutas que existem do texto s&atilde;o reservadas e ainda n&atilde;o est&atilde;o circulando. Apenas algumas pessoas que participaram do grupo de trabalho para a elabora&ccedil;&atilde;o da primeira proposta foram chamadas a ler o texto, sempre reservadamente. Mas tanta reserva e cuidado n&atilde;o indica, contudo, que o texto ser&aacute; mais duro ou mais intervencionista do que qualquer uma das propostas j&aacute; discutidas, pelo contr&aacute;rio. A diferen&ccedil;a &eacute; que o texto que est&aacute; sendo elaborado pela Secom &eacute; mais amplo, e cobre o espectro das telecomunica&ccedil;&otilde;es &agrave; comunica&ccedil;&atilde;o social, conforme apurou este notici&aacute;rio, al&eacute;m de ter sido constru&iacute;do em cima de discuss&otilde;es j&aacute; realizadas.<\/p>\n<p><strong>Propostas conhecidas<\/strong><\/p>\n<p>O anteprojeto incorpora uma s&eacute;rie de t&oacute;picos j&aacute; previstos em outros projetos de lei. Um deles &eacute; resgatar o papel de outorga do Minist&eacute;rio das Comunica&ccedil;&otilde;es. Essa ideia j&aacute; est&aacute; no Projeto das Ag&ecirc;ncias, que tramita no Congresso desde 2004 (PL 3.337\/04). Isso far&aacute; com que o Minicom volte a ter um papel importante na outorga de servi&ccedil;os de telecomunica&ccedil;&otilde;es, podendo delegar &agrave; Anatel o papel de outorga em casos de menor implica&ccedil;&atilde;o, como licen&ccedil;as de servi&ccedil;os privados. Nessa estrutura, fica garantido que o Minicom seguir&aacute; sendo o &oacute;rg&atilde;o respons&aacute;vel pelas outorgas de radiodifus&atilde;o, com aprova&ccedil;&atilde;o do Congresso Nacional, como &eacute; hoje. Mas o rito t&eacute;cnico poderia ser feito pela ag&ecirc;ncia.<\/p>\n<p>Outro aspecto &eacute; a corre&ccedil;&atilde;o das regras do Fust, tamb&eacute;m j&aacute; prevista no projeto da nova Lei do Fust (PL 1481\/07), para permitir a destina&ccedil;&atilde;o dos recursos do Fundo de Universaliza&ccedil;&atilde;o das Telecomunica&ccedil;&otilde;es a empresas prestadoras de servi&ccedil;os privados, como banda larga.<\/p>\n<p>O PLC 116\/2010 (que tramita no Senado e cria novas regras para a TV por assinatura e para o audiovisual), est&aacute; sendo aproveitado integralmente no anteprojeto da Lei de Comunica&ccedil;&atilde;o Eletr&ocirc;nica da Secom. Com isso, o texto d&aacute; um tratamento amplo ao mercado de TV por assinatura e tamb&eacute;m equaliza conceitos que hoje est&atilde;o dispersos e que s&atilde;o muitas vezes conflitantes nas legisla&ccedil;&otilde;es de TV paga, telecomunica&ccedil;&otilde;es e audiovisual. De uma certa forma, o texto proposto cria uma esp&eacute;cie de C&oacute;digo de Comunica&ccedil;&otilde;es, agregando diferentes leis e harmonizando conceitos criados em &eacute;pocas distintas.<\/p>\n<p>Propostas importantes previstas no PLC 116\/2010, como a separa&ccedil;&atilde;o de espa&ccedil;os de atua&ccedil;&atilde;o para grupos de telecomunica&ccedil;&otilde;es e grupos de comunica&ccedil;&atilde;o, seriam mantidas, pois h&aacute; o entendimento de que essas divis&otilde;es foram fruto de consensos do mercado.<\/p>\n<p>J&aacute; conceitos de cotas de programa&ccedil;&atilde;o nacional e independente, tratados no &acirc;mbito da TV por assinatura no PLC 116, seriam aplicados tamb&eacute;m &agrave; TV aberta, conforme pede a Constitui&ccedil;&atilde;o.<\/p>\n<p><strong>Duas ag&ecirc;ncias<\/strong><\/p>\n<p>A proposta que est&aacute; sendo discutida prev&ecirc; duas ag&ecirc;ncias sob o Minist&eacute;rio das Comunica&ccedil;&otilde;es. Uma &eacute; a Anatel, que teria algumas fun&ccedil;&otilde;es ampliadas na &aacute;rea de an&aacute;lise t&eacute;cnica do mercado de radiodifus&atilde;o. A outra &eacute; a ANC (Ag&ecirc;ncia Nacional de Comunica&ccedil;&atilde;o), que daria lugar &agrave; Ancine.<\/p>\n<p>A mudan&ccedil;a da Ancine para a ANC come&ccedil;a com a transfer&ecirc;ncia da fun&ccedil;&atilde;o fomentadora da Ancine para um &oacute;rg&atilde;o espec&iacute;fico do Minist&eacute;rio da Cultura. Depois disso, j&aacute; como ANC, ela passaria a ter fun&ccedil;&atilde;o de regula&ccedil;&atilde;o do mercado de conte&uacute;do, visto como um mercado econ&ocirc;mico. Isso significa atua&ccedil;&atilde;o para regular o mercado, instruir o Sistema Brasileiro de Defesa da Concorr&ecirc;ncia e fiscalizar quest&otilde;es relacionadas a conte&uacute;dos.<\/p>\n<p>As quest&otilde;es de radiodifus&atilde;o referentes a conte&uacute;dos seriam tratadas pela ANC, e as referentes &agrave; rede ficariam com a Anatel. Mas interven&ccedil;&otilde;es mais amplas, como o controle das rela&ccedil;&otilde;es de afilia&ccedil;&atilde;o, por exemplo, n&atilde;o est&atilde;o previstas, e tampouco h&aacute; qualquer tipo de restri&ccedil;&atilde;o &agrave; propriedade cruzada. O aspecto tido como mais pol&ecirc;mico &eacute; a restri&ccedil;&atilde;o de que pol&iacute;ticos possam controlar empresas de radiodifus&atilde;o.<\/span><\/p>\n","protected":false},"excerpt":{"rendered":"<p>Foi assim com as minutas de Lei de Comunica&ccedil;&atilde;o de Massa elaboradas ainda no governo Fernando Henrique Cardoso, em 1998 e em 2001, passando pela proposta de Ancinav elaborada sob a batuta do ex-ministro tucano Pedro Parente tamb&eacute;m em 2001 (e que deu origem &agrave; MP 2.228\/2001, que criou a Ancine), depois pelo projeto da &hellip; <a href=\"https:\/\/obscom.intervozes.org.br\/?p=25200\" class=\"more-link\">Continue lendo <span class=\"screen-reader-text\">Proposta de lei de comunica\u00e7\u00e3o aproveita conceitos j\u00e1 discutidos<\/span> <span class=\"meta-nav\">&rarr;<\/span><\/a><\/p>\n","protected":false},"author":1,"featured_media":0,"comment_status":"open","ping_status":"open","sticky":false,"template":"","format":"standard","meta":{"footnotes":""},"categories":[40],"tags":[323],"_links":{"self":[{"href":"https:\/\/obscom.intervozes.org.br\/index.php?rest_route=\/wp\/v2\/posts\/25200"}],"collection":[{"href":"https:\/\/obscom.intervozes.org.br\/index.php?rest_route=\/wp\/v2\/posts"}],"about":[{"href":"https:\/\/obscom.intervozes.org.br\/index.php?rest_route=\/wp\/v2\/types\/post"}],"author":[{"embeddable":true,"href":"https:\/\/obscom.intervozes.org.br\/index.php?rest_route=\/wp\/v2\/users\/1"}],"replies":[{"embeddable":true,"href":"https:\/\/obscom.intervozes.org.br\/index.php?rest_route=%2Fwp%2Fv2%2Fcomments&post=25200"}],"version-history":[{"count":0,"href":"https:\/\/obscom.intervozes.org.br\/index.php?rest_route=\/wp\/v2\/posts\/25200\/revisions"}],"wp:attachment":[{"href":"https:\/\/obscom.intervozes.org.br\/index.php?rest_route=%2Fwp%2Fv2%2Fmedia&parent=25200"}],"wp:term":[{"taxonomy":"category","embeddable":true,"href":"https:\/\/obscom.intervozes.org.br\/index.php?rest_route=%2Fwp%2Fv2%2Fcategories&post=25200"},{"taxonomy":"post_tag","embeddable":true,"href":"https:\/\/obscom.intervozes.org.br\/index.php?rest_route=%2Fwp%2Fv2%2Ftags&post=25200"}],"curies":[{"name":"wp","href":"https:\/\/api.w.org\/{rel}","templated":true}]}}