{"id":25196,"date":"2010-12-17T19:47:36","date_gmt":"2010-12-17T19:47:36","guid":{"rendered":"https:\/\/obscom.intervozes.org.br\/wordpress\/?p=25196"},"modified":"2014-09-07T03:01:17","modified_gmt":"2014-09-07T03:01:17","slug":"regulacao-de-conteudos-na-internet-deve-ficar-fora-de-projeto-de-marco-regulatorio","status":"publish","type":"post","link":"https:\/\/obscom.intervozes.org.br\/?p=25196","title":{"rendered":"Regula\u00e7\u00e3o de conte\u00fados na internet deve ficar fora de projeto de marco regulat\u00f3rio"},"content":{"rendered":"<p><span class=\"padrao\">As quest&otilde;es relativas aos direitos e deveres dos usu&aacute;rios na internet n&atilde;o devem mesmo ser alvo da proposta de novo marco regulat&oacute;rio que o governo est&aacute; finalizando. O prov&aacute;vel &eacute; que isso seja feito paralelamente, por meio de projetos que correm no Congresso Nacional e principalmente pelo <a href=\"linkar:%20http:\/\/culturadigital.br\/marcocivil\/\" target=\"_blank\">projeto de marco civil<\/a>  que tamb&eacute;m est&aacute; sendo coordenado pelo Executivo.<\/span><\/p>\n<p>&nbsp;<\/p>\n<p><span class=\"padrao\">Tal inten&ccedil;&atilde;o ficou mais clara em audi&ecirc;ncia p&uacute;blica realizada no Senado Federal nesta quinta-feira (16). O ministro chefe da Secretaria de Comunica&ccedil;&atilde;o Social do governo, Franklin Martins, afirmou que n&atilde;o se pretende regular a internet no que diz respeito ao seu uso individual. No entanto, devem ser propostas medidas que regulem a infraestrutura da rede.<\/p>\n<p>A decis&atilde;o do governo pode ter partido da dificuldade de estabelecer par&acirc;metros de uso da internet. No semin&aacute;rio internacional sobre converg&ecirc;ncia de m&iacute;dia realizado pelo governo em novembro deste ano notou-se que mesmo os pa&iacute;ses que possuem um sistema de regula&ccedil;&atilde;o mais avan&ccedil;ado que o nosso t&ecirc;m dificuldades de aplicar leis sobre os conte&uacute;dos na rede.<\/p>\n<p>Essa dificuldade de lidar com a internet tamb&eacute;m foi ressaltada pelo professor Murilo Ramos, da Universidade de Bras&iacute;lia. &ldquo;A internet n&atilde;o est&aacute; madura para ser tratada pelo ponto de vista normativo&rdquo;, entende. Para ele, pode ser melhor que o tema seja tratado fora da proposta do novo marco regulat&oacute;rio, j&aacute; que os conflitos naturais que surgem nessa discuss&atilde;o podem trazer mais obst&aacute;culos a constru&ccedil;&atilde;o do projeto.<\/p>\n<p><strong>Interesses<\/strong><\/p>\n<p>No entanto, os representantes dos radiodifusores, dos jornais e de empresas de telecomunica&ccedil;&otilde;es presentes na audi&ecirc;ncia deixaram claro que t&ecirc;m fortes interesses em uma regula&ccedil;&atilde;o a curto prazo da internet. &ldquo;Nosso fantasma &eacute; o debate sobre internet&rdquo;, disse Paulo Tonet, conselheiro da Associa&ccedil;&atilde;o Nacional de Jornais (ANJ), em alus&atilde;o a met&aacute;fora frequentemente usada por Franklin Martins. Um dos pontos centrais para a ANJ &eacute; a necessidade de aumentar a rigidez no controle dos direitos autorais sobre os conte&uacute;dos jornal&iacute;sticos.<\/p>\n<p>J&aacute; a Associa&ccedil;&atilde;o Brasileira de Emissoras de R&aacute;dio e Televis&atilde;o (Abert) voltou a defender a aplica&ccedil;&atilde;o do Artigo 222 (que limita o controle de capital estrangeiro na m&iacute;dia brasileira) para os portais jornal&iacute;sticos na internet. Um dos principais alvos da Abert, que representa a Globo, o SBT e a Record, &eacute; o site Terra, que pertence &agrave; espanhola Telef&ocirc;nica. Apesar do discurso da Associa&ccedil;&atilde;o da import&acirc;ncia da prote&ccedil;&atilde;o ao conte&uacute;do nacional, &eacute; evidente a preocupa&ccedil;&atilde;o econ&ocirc;mica que move essa disputa.<\/p>\n<p>As teles, representadas na ocasi&atilde;o pelo Sindicato Nacional das Empresas de Telefonia e de Servi&ccedil;o M&oacute;vel Celular e Pessoal (SindiTelebrasil), tem um interesse imediato em produzir conte&uacute;dos e disputar o mercado de TV a cabo. Essa segunda reivindica&ccedil;&atilde;o provavelmente ser&aacute; atendida j&aacute; com a aprova&ccedil;&atilde;o do PLC 116\/2010 (ex-PL 29), que ser&aacute; votado em 2011, no Senado.<\/p>\n<p>Essas discuss&otilde;es feitas na audi&ecirc;ncia, por&eacute;m, ainda ficaram no campo abstrato. Nada sobre a proposta do novo marco regulat&oacute;rio foi adiantada pelo ministro Franklin Martins. Segundo ele, o intuito &eacute; n&atilde;o causar constrangimentos a presidente Dilma e deix&aacute;-la mais tranquila para avaliar o projeto com sua equipe. O ministro afirmou tamb&eacute;m que o projeto n&atilde;o ser&aacute; encaminhado em regime de urg&ecirc;ncia e que deve haver um pacto social em torno dele.<\/p>\n<p>O ministro aproveitou para, mais uma vez, criticar alguns grupos privados que tem acusado o governo de querer censurar a m&iacute;dia com o projeto de marco regulat&oacute;rio. &ldquo;Est&atilde;o querendo driblar o debate&rdquo;, afirmou. Franklin, que ser&aacute; substitu&iacute;do pela jornalista e ex-diretora da TV Brasil Helena Chagas, teve a responsabilidade de capitanear esse projeto no fim do governo. &ldquo;Se algu&eacute;m tem que apanhar, eu apanho. N&atilde;o tem problema&rdquo;, brincou. A tend&ecirc;ncia &eacute; que no governo Dilma o projeto seja abra&ccedil;ado pelo Minist&eacute;rio das Comunica&ccedil;&otilde;es, que pela primeira vez &eacute; ocupado por um petista. No caso, o banc&aacute;rio e ex-ministro do Planejamento, Or&ccedil;amento e Gest&atilde;o, Paulo Bernardo.<\/p>\n<p>Veja tamb&eacute;m: <a href=\"http:\/\/localhost\/intervozes_direitoacomunicacao\/wordpress\/?p=25182\">Proposta para novo marco regulat&oacute;rio traz medidas democratizantes, mas &eacute; t&iacute;mida e gen&eacute;rica<\/a>  <\/span><\/p>\n<p>&nbsp;<\/p>\n<p>&nbsp;<\/p>\n","protected":false},"excerpt":{"rendered":"<p><span class=\"padrao\">Franklin Martins afirmou em audi&ecirc;ncia no Senado que n&atilde;o se pretende regular a internet no que diz respeito ao seu uso individual<\/span><\/p>\n","protected":false},"author":1,"featured_media":0,"comment_status":"open","ping_status":"open","sticky":false,"template":"","format":"standard","meta":{"footnotes":""},"categories":[40],"tags":[323],"_links":{"self":[{"href":"https:\/\/obscom.intervozes.org.br\/index.php?rest_route=\/wp\/v2\/posts\/25196"}],"collection":[{"href":"https:\/\/obscom.intervozes.org.br\/index.php?rest_route=\/wp\/v2\/posts"}],"about":[{"href":"https:\/\/obscom.intervozes.org.br\/index.php?rest_route=\/wp\/v2\/types\/post"}],"author":[{"embeddable":true,"href":"https:\/\/obscom.intervozes.org.br\/index.php?rest_route=\/wp\/v2\/users\/1"}],"replies":[{"embeddable":true,"href":"https:\/\/obscom.intervozes.org.br\/index.php?rest_route=%2Fwp%2Fv2%2Fcomments&post=25196"}],"version-history":[{"count":1,"href":"https:\/\/obscom.intervozes.org.br\/index.php?rest_route=\/wp\/v2\/posts\/25196\/revisions"}],"predecessor-version":[{"id":28202,"href":"https:\/\/obscom.intervozes.org.br\/index.php?rest_route=\/wp\/v2\/posts\/25196\/revisions\/28202"}],"wp:attachment":[{"href":"https:\/\/obscom.intervozes.org.br\/index.php?rest_route=%2Fwp%2Fv2%2Fmedia&parent=25196"}],"wp:term":[{"taxonomy":"category","embeddable":true,"href":"https:\/\/obscom.intervozes.org.br\/index.php?rest_route=%2Fwp%2Fv2%2Fcategories&post=25196"},{"taxonomy":"post_tag","embeddable":true,"href":"https:\/\/obscom.intervozes.org.br\/index.php?rest_route=%2Fwp%2Fv2%2Ftags&post=25196"}],"curies":[{"name":"wp","href":"https:\/\/api.w.org\/{rel}","templated":true}]}}