{"id":25194,"date":"2010-12-16T16:58:58","date_gmt":"2010-12-16T16:58:58","guid":{"rendered":"https:\/\/obscom.intervozes.org.br\/wordpress\/?p=25194"},"modified":"2010-12-16T16:58:58","modified_gmt":"2010-12-16T16:58:58","slug":"publicado-no-diario-oficial-nova-composicao-do-cgi-br","status":"publish","type":"post","link":"https:\/\/obscom.intervozes.org.br\/?p=25194","title":{"rendered":"Publicado no Di\u00e1rio Oficial nova composi\u00e7\u00e3o do CGI.br"},"content":{"rendered":"<p><span class=\"padrao\">Foi publicado no Di&aacute;rio Oficial desta quarta-feira (15) a nova composi&ccedil;&atilde;o do Comit&ecirc; Gestor da Internet no Brasil (CGI.br). Doze novos titulares foram nomeados para compor as 21 vagas do grupo. A principal altera&ccedil;&atilde;o foi a nomea&ccedil;&atilde;o de Ronaldo Sardenberg, presidente da Anatel, como representante da ag&ecirc;ncia, vaga ocupada pelo ex-presidente da Anatel Pl&iacute;nio de Aguiar J&uacute;nior.<\/p>\n<p>De 31 de janeiro a 04 de fevereiro de 2011 ser&aacute; realizada a elei&ccedil;&atilde;o de 11 membros titulares e 11 membros suplentes para o 2011-2013. Os crit&eacute;rios de distribui&ccedil;&atilde;o das vagas s&atilde;o: quatro representantes do terceiro setor e quatro representantes suplentes, tr&ecirc;s representantes da comunidade cient&iacute;fica e tecnol&oacute;gica e tr&ecirc;s representantes suplentes e quatro representantes titulares e quatro representantes suplentes do setor empresarial (sendo um representante titular e um representante suplente para cada um dos seguintes segmentos de provedores de acesso e conte&uacute;do da internet, provedores de infraestrutura de telecomunica&ccedil;&otilde;es, ind&uacute;stria de bens de inform&aacute;tica, de bens de telecomunica&ccedil;&otilde;es e de software e setor empresarial usu&aacute;rio). A escolha cabe aos representantes das entidades homologadas, no processo de elei&ccedil;&atilde;o do CGI.br.<\/p>\n<p>Veja abaixo a lista completa dos atuais conselheiros:<\/p>\n<p>I &#8211; Representantes do setor empresarial:<br \/>a) provedores de acesso e conte&uacute;do da Internet:<br \/>JAIME BARREIRO WAGNER, titular e ANTONIO ALBERTO VALENTE TAVARES, suplente.<\/p>\n<p>b) provedores de infra-estrutura de telecomunica&ccedil;&otilde;es:<br \/>ALEXANDRE ANNENBERG NETTO, titular e ERCIO ALBERTO ZILLI, suplente.<\/p>\n<p>c) ind&uacute;stria de bens de inform&aacute;tica, de bens de telecomunica&ccedil;&otilde;es e de software:<br \/>HENRIQUE FAULHABER, titular e JOS&Eacute; CARLOS LOUREN&Ccedil;O REGO, suplente.<\/p>\n<p>d) setor empresarial usu&aacute;rio:<br \/>NIVALDO CLETO, titular e CASSIO JORD&Atilde;O MOTTA VECCHIATTI, suplente.<\/p>\n<p>II- Representantes do terceiro setor:<br \/>titulares: MARIO LUIS TEZA, CARLOS ALBERTO AFONSO, GUSTAVO GINDRE MONTEIRO SOARES e MARCELO FERNANDES COSTA;&nbsp; suplentes: EVERTON DOS SANTOS RODRIGUES, ANA MARIA DRUMMOND CHICARINO e MARIA DO AMPARO ARA&Uacute;JO.<\/p>\n<p>III- Representantes da comunidade cient&iacute;fica e tecnol&oacute;gica:<br \/>titulares: NELSON SIM&Otilde;ES DA SILVA, LISANDRO ZAMBENEDETTI GRANVILLE, e FL&Aacute;VIO RECH WAGNER; suplentes: OMAR KAMINSKI e T&Uacute;LIO LIMA VIANNA,<\/p>\n<p>IV &#8211; Representante de not&oacute;rio saber em assunto da Internet:<br \/>DEMI GETSCHKO.<\/span><\/p>\n","protected":false},"excerpt":{"rendered":"<p>Doze novos nomes aparecem na lista de conselheiros que aguardam as elei&ccedil;&otilde;es no pr&oacute;ximo ano para o tri&ecirc;nio 2011-2013<\/p>\n","protected":false},"author":1,"featured_media":0,"comment_status":"open","ping_status":"open","sticky":false,"template":"","format":"standard","meta":{"footnotes":""},"categories":[40],"tags":[1463],"_links":{"self":[{"href":"https:\/\/obscom.intervozes.org.br\/index.php?rest_route=\/wp\/v2\/posts\/25194"}],"collection":[{"href":"https:\/\/obscom.intervozes.org.br\/index.php?rest_route=\/wp\/v2\/posts"}],"about":[{"href":"https:\/\/obscom.intervozes.org.br\/index.php?rest_route=\/wp\/v2\/types\/post"}],"author":[{"embeddable":true,"href":"https:\/\/obscom.intervozes.org.br\/index.php?rest_route=\/wp\/v2\/users\/1"}],"replies":[{"embeddable":true,"href":"https:\/\/obscom.intervozes.org.br\/index.php?rest_route=%2Fwp%2Fv2%2Fcomments&post=25194"}],"version-history":[{"count":0,"href":"https:\/\/obscom.intervozes.org.br\/index.php?rest_route=\/wp\/v2\/posts\/25194\/revisions"}],"wp:attachment":[{"href":"https:\/\/obscom.intervozes.org.br\/index.php?rest_route=%2Fwp%2Fv2%2Fmedia&parent=25194"}],"wp:term":[{"taxonomy":"category","embeddable":true,"href":"https:\/\/obscom.intervozes.org.br\/index.php?rest_route=%2Fwp%2Fv2%2Fcategories&post=25194"},{"taxonomy":"post_tag","embeddable":true,"href":"https:\/\/obscom.intervozes.org.br\/index.php?rest_route=%2Fwp%2Fv2%2Ftags&post=25194"}],"curies":[{"name":"wp","href":"https:\/\/api.w.org\/{rel}","templated":true}]}}