{"id":25191,"date":"2010-12-16T16:14:27","date_gmt":"2010-12-16T16:14:27","guid":{"rendered":"https:\/\/obscom.intervozes.org.br\/wordpress\/?p=25191"},"modified":"2010-12-16T16:14:27","modified_gmt":"2010-12-16T16:14:27","slug":"evento-na-camara-dos-deputados-critica-abordagem-da-questao-homossexual-pela-midia","status":"publish","type":"post","link":"https:\/\/obscom.intervozes.org.br\/?p=25191","title":{"rendered":"Evento na C\u00e2mara dos Deputados critica abordagem da quest\u00e3o homossexual pela m\u00eddia"},"content":{"rendered":"<p><span class=\"padrao\">No entendimento do deputado Paulo Pimenta (PT-RS), por mais que exista espa&ccedil;o para o tema nos telejornais, e at&eacute; mesmo certo respeito pela quest&atilde;o em telenovelas, os programas humor&iacute;sticos, por sua vez, constroem estere&oacute;tipos.<\/p>\n<p>&quot;Queria entender o que justifica esse comportamento das emissoras&quot;, afirmou o parlamentar, segundo informa&ccedil;&otilde;es da Ag&ecirc;ncia C&acirc;mara.<\/p>\n<p>J&aacute; para o presidente da Associa&ccedil;&atilde;o Brasileira de L&eacute;sbicas, Gays, Travestis e Transexuais (ABGLT), Toni Reis, a constru&ccedil;&atilde;o de estere&oacute;tipos negativos fica por conta dos programas policiais e religiosos.<\/p>\n<p>Apesar de reconhecer o avan&ccedil;o no debate do assunto nos &uacute;ltimos anos, o coordenador-geral da Secretaria Especial de Direitos Humanos, Igo Martini, admitiu que &eacute; preciso evoluir ainda mais. Ele destacou que crescem os relatos de agress&otilde;es e preconceitos contra os homossexuais no pa&iacute;s, e prop&ocirc;s uma legisla&ccedil;&atilde;o espec&iacute;fica.<\/p>\n<p>&quot;Mesmo na teledramaturgia h&aacute; estere&oacute;tipos no tratamento dos homossexuais. &Eacute; preciso aprovar a lei que trata desse preconceito&quot;, disse Martini.<\/p>\n<p>Apesar das cr&iacute;ticas &agrave; m&iacute;dia, a desembargadora aposentada do Tribunal de Justi&ccedil;a do Rio Grande do Sul, Maria Berenice Dias, ressaltou que a imprensa atua como parceira ao reportar casos de agress&atilde;o.<\/p>\n<p>&quot;N&atilde;o h&aacute; tema social que mais ocupe espa&ccedil;o que os ligados &agrave; causa homossexual. Qualquer delito homof&oacute;bico e avan&ccedil;os na causa s&atilde;o sempre muito debatidos&quot;, destacou.<\/p>\n<p>Atualmente, tramita na C&acirc;mara um Projeto de Lei, de autoria da ex-deputada Iara Bernardi (PT-SP), que criminaliza a homofobia.<\/span><\/p>\n","protected":false},"excerpt":{"rendered":"<p>No entendimento do deputado Paulo Pimenta (PT-RS), por mais que exista espa&ccedil;o para o tema nos telejornais, e at&eacute; mesmo certo respeito pela quest&atilde;o em telenovelas, os programas humor&iacute;sticos, por sua vez, constroem estere&oacute;tipos. &quot;Queria entender o que justifica esse comportamento das emissoras&quot;, afirmou o parlamentar, segundo informa&ccedil;&otilde;es da Ag&ecirc;ncia C&acirc;mara. J&aacute; para o presidente &hellip; <a href=\"https:\/\/obscom.intervozes.org.br\/?p=25191\" class=\"more-link\">Continue lendo <span class=\"screen-reader-text\">Evento na C\u00e2mara dos Deputados critica abordagem da quest\u00e3o homossexual pela m\u00eddia<\/span> <span class=\"meta-nav\">&rarr;<\/span><\/a><\/p>\n","protected":false},"author":1,"featured_media":0,"comment_status":"open","ping_status":"open","sticky":false,"template":"","format":"standard","meta":{"footnotes":""},"categories":[40],"tags":[291],"_links":{"self":[{"href":"https:\/\/obscom.intervozes.org.br\/index.php?rest_route=\/wp\/v2\/posts\/25191"}],"collection":[{"href":"https:\/\/obscom.intervozes.org.br\/index.php?rest_route=\/wp\/v2\/posts"}],"about":[{"href":"https:\/\/obscom.intervozes.org.br\/index.php?rest_route=\/wp\/v2\/types\/post"}],"author":[{"embeddable":true,"href":"https:\/\/obscom.intervozes.org.br\/index.php?rest_route=\/wp\/v2\/users\/1"}],"replies":[{"embeddable":true,"href":"https:\/\/obscom.intervozes.org.br\/index.php?rest_route=%2Fwp%2Fv2%2Fcomments&post=25191"}],"version-history":[{"count":0,"href":"https:\/\/obscom.intervozes.org.br\/index.php?rest_route=\/wp\/v2\/posts\/25191\/revisions"}],"wp:attachment":[{"href":"https:\/\/obscom.intervozes.org.br\/index.php?rest_route=%2Fwp%2Fv2%2Fmedia&parent=25191"}],"wp:term":[{"taxonomy":"category","embeddable":true,"href":"https:\/\/obscom.intervozes.org.br\/index.php?rest_route=%2Fwp%2Fv2%2Fcategories&post=25191"},{"taxonomy":"post_tag","embeddable":true,"href":"https:\/\/obscom.intervozes.org.br\/index.php?rest_route=%2Fwp%2Fv2%2Ftags&post=25191"}],"curies":[{"name":"wp","href":"https:\/\/api.w.org\/{rel}","templated":true}]}}