{"id":25186,"date":"2010-12-15T14:23:36","date_gmt":"2010-12-15T14:23:36","guid":{"rendered":"https:\/\/obscom.intervozes.org.br\/wordpress\/?p=25186"},"modified":"2014-09-07T03:01:16","modified_gmt":"2014-09-07T03:01:16","slug":"nova-acao-para-regulamentacao-da-constituicao-e-protocolada-na-justica","status":"publish","type":"post","link":"https:\/\/obscom.intervozes.org.br\/?p=25186","title":{"rendered":"Nova a\u00e7\u00e3o para regulamenta\u00e7\u00e3o da Constitui\u00e7\u00e3o \u00e9 protocolada na Justi\u00e7a"},"content":{"rendered":"<p class=\"padrao\">A Confedera&ccedil;&atilde;o Nacional dos Trabalhadores em Comunica&ccedil;&atilde;o e Publicidade (Contcop) registrou no Supremo Tribunal Federal (STF) uma A&ccedil;&atilde;o Direta de Inconstitucionalidade por Omiss&atilde;o (ADO 11) que, se aprovada, exigir&aacute; do Congresso Nacional a regulamenta&ccedil;&atilde;o de dispositivos constitucionais referentes &agrave; comunica&ccedil;&atilde;o. A A&ccedil;&atilde;o foi protocolada no Supremo em 10 de dezembro e neste mesmo dia distribu&iacute;da &agrave; ministra Ellen Gracie. O advogado da ADO 11 &eacute; o professor e jurista F&aacute;bio Konder Comparato. <\/p>\n<p class=\"padrao\">Trata-se, na realidade, da mesma A&ccedil;&atilde;o que foi ajuizada em outubro deste ano pela Federa&ccedil;&atilde;o Nacional dos Jornalistas (Fenaj) e Federa&ccedil;&atilde;o dos Radialistas (Fitert). Esta, procolada como ADO 9, n&atilde;o havia sido aceita pela ministra Ellen Gracie, que alegou que as organiza&ccedil;&otilde;es citadas n&atilde;o poderiam ser as proponentes deste tipo de recurso jur&iacute;dico. Os advogados da A&ccedil;&atilde;o, F&aacute;bio Konder Comparato e Georghio Tomelin, entraram com um recurso pedindo revis&atilde;o da decis&atilde;o de Ellen Gracie. A ministra ent&atilde;o solicitou um parecer da Procuradoria Geral da Rep&uacute;blica (PGR), que ainda n&atilde;o se manifestou sobre o assunto.<\/p>\n<p class=\"padrao\">O advogado F&aacute;bio Comparato, no entanto, n&atilde;o quis esperar o resultado do parecer da PGR e buscou outras maneiras de ter a A&ccedil;&atilde;o julgada pelo STF, mudando seus proponentes. Primeiro, Comparato tentou o Partido Socialismo e Liberdade (Psol). O partido tamb&eacute;m foi julgado impossibilitado de apresentar a A&ccedil;&atilde;o pelo STF por estar sem presidente formal na &eacute;poca.<\/p>\n<p class=\"padrao\">Agora a nova tentativa &eacute; com a Contcop, j&aacute; que, segundo entendimento da ministra Ellen Gracie, &ldquo;apenas est&atilde;o aptas a deflagrar o controle concentrado de constitucionalidade as entidades de terceiro grau, ou seja, as confedera&ccedil;&otilde;es sindicais, excluindo-se, portanto, os sindicatos e as federa&ccedil;&otilde;es, ainda que possuam abrang&ecirc;ncia nacional&rdquo;. Com isso, espera-se que o STF finalmente aceite a A&ccedil;&atilde;o e discuta seu m&eacute;rito.<\/p>\n<p class=\"padrao\">A ADO 11 busca a regulamenta&ccedil;&atilde;o de tr&ecirc;s pontos essenciais: a garantia do direito de resposta a qualquer pessoa ofendida atrav&eacute;s dos meios de comunica&ccedil;&atilde;o de massa; a proibi&ccedil;&atilde;o do monop&oacute;lio e do oligop&oacute;lio no setor; e o cumprimento, pelas emissoras de r&aacute;dio e TV, da obriga&ccedil;&atilde;o constitucional de dar prefer&ecirc;ncia a programa&ccedil;&atilde;o de conte&uacute;do informativo, educativo e art&iacute;stico, al&eacute;m de priorizar finalidades culturais nacionais e regionais. <a href=\"http:\/\/localhost\/intervozes_direitoacomunicacao\/wordpress\/?p=25035\">Veja mais<\/a>  sobre o conte&uacute;do da A&ccedil;&atilde;o.<\/p>\n","protected":false},"excerpt":{"rendered":"<p>Se aprovada, exigir&aacute; do Congresso Nacional a regulamenta&ccedil;&atilde;o de dispositivos constitucionais referentes &agrave; comunica&ccedil;&atilde;o<\/p>\n","protected":false},"author":1,"featured_media":0,"comment_status":"open","ping_status":"open","sticky":false,"template":"","format":"standard","meta":{"footnotes":""},"categories":[40],"tags":[323],"_links":{"self":[{"href":"https:\/\/obscom.intervozes.org.br\/index.php?rest_route=\/wp\/v2\/posts\/25186"}],"collection":[{"href":"https:\/\/obscom.intervozes.org.br\/index.php?rest_route=\/wp\/v2\/posts"}],"about":[{"href":"https:\/\/obscom.intervozes.org.br\/index.php?rest_route=\/wp\/v2\/types\/post"}],"author":[{"embeddable":true,"href":"https:\/\/obscom.intervozes.org.br\/index.php?rest_route=\/wp\/v2\/users\/1"}],"replies":[{"embeddable":true,"href":"https:\/\/obscom.intervozes.org.br\/index.php?rest_route=%2Fwp%2Fv2%2Fcomments&post=25186"}],"version-history":[{"count":1,"href":"https:\/\/obscom.intervozes.org.br\/index.php?rest_route=\/wp\/v2\/posts\/25186\/revisions"}],"predecessor-version":[{"id":28201,"href":"https:\/\/obscom.intervozes.org.br\/index.php?rest_route=\/wp\/v2\/posts\/25186\/revisions\/28201"}],"wp:attachment":[{"href":"https:\/\/obscom.intervozes.org.br\/index.php?rest_route=%2Fwp%2Fv2%2Fmedia&parent=25186"}],"wp:term":[{"taxonomy":"category","embeddable":true,"href":"https:\/\/obscom.intervozes.org.br\/index.php?rest_route=%2Fwp%2Fv2%2Fcategories&post=25186"},{"taxonomy":"post_tag","embeddable":true,"href":"https:\/\/obscom.intervozes.org.br\/index.php?rest_route=%2Fwp%2Fv2%2Ftags&post=25186"}],"curies":[{"name":"wp","href":"https:\/\/api.w.org\/{rel}","templated":true}]}}